{"id":93517,"date":"2026-01-19T10:00:13","date_gmt":"2026-01-19T09:00:13","guid":{"rendered":"https:\/\/appelloalpopolo.it\/?p=93517"},"modified":"2026-01-17T11:33:33","modified_gmt":"2026-01-17T10:33:33","slug":"il-gas-a-37-euro-al-mwh-piu-27-per-cento-da-inizio-anno-effetto-oreschnik","status":"publish","type":"post","link":"https:\/\/appelloalpopolo.it\/?p=93517","title":{"rendered":"Il gas a 37 euro al MWh: pi\u00f9 27 per cento da inizio anno. Effetto Oreschnik?"},"content":{"rendered":"<p><strong>da ANALISI DIFESA (Gianandrea Gaiani)<\/strong><\/p>\n<p><img loading=\"lazy\" decoding=\"async\" class=\"alignnone size-medium wp-image-93519\" src=\"https:\/\/appelloalpopolo.it\/wp-content\/uploads\/2026\/01\/1-2-1-300x105.jpg\" alt=\"\" width=\"300\" height=\"105\" srcset=\"https:\/\/appelloalpopolo.it\/wp-content\/uploads\/2026\/01\/1-2-1-300x105.jpg 300w, https:\/\/appelloalpopolo.it\/wp-content\/uploads\/2026\/01\/1-2-1-768x270.jpg 768w, https:\/\/appelloalpopolo.it\/wp-content\/uploads\/2026\/01\/1-2-1.jpg 1024w\" sizes=\"(max-width: 300px) 100vw, 300px\" \/><\/p>\n<p>Nuovo balzo del prezzo del gas naturale sulla piazza TTF di Amsterdam, dove in chiusura di seduta ha sfiorato i 37 euro al MWh. I contratti future sul mese di febbraio hanno guadagnato l\u201911,22% a 36,88 euro, portandosi ai livelli dello scorso mese di giugno. Tra le cause di una corsa sfociata in un rialzo di oltre il 27% da inizio anno, gli analisti evidenziano le previsioni di una nuova ondata di freddo in Europa Occidentale a fine mese, i timori per la chiusura del gasdotto tra l\u2019Iran e la Turchia a seguito di un possibile attacco Usa e gli interventi di manutenzione in alcuni impianti della Norvegia, che produce oltre il 30% del gas europeo.<\/p>\n<p>C\u2019\u00e8 gi\u00e0 chi parla di \u201ctempesta perfetta\u201d sui prezzi del gas in Europa riferendosi alla combinazione delle cause sopra citate (tutte peraltro esistenti gi\u00e0 da tempo mentre le previsioni di un\u2019ondata di freddo pi\u00f9 intenso sull\u2019Europa riguardano fine gennaio) a cui aggiungere che le scorte in Europa sono scese al 51% (66,4% in Italia) contro una media quinquennale del 67% di un anno fa.<\/p>\n<p>Nessuno si esprime sul fattore che pi\u00f9 probabilmente ha scatenato la tempesta rialzista del prezzo del gas in Europa, che era gi\u00e0 salito a 30 euro nei giorni scorsi dopo che diverse fonti, oltre ai media e blogger russi, avevano reso noto che <a href=\"https:\/\/www.analisidifesa.it\/2026\/01\/la-nocciolina-e-altri-ordigni-per-la-rappresaglia-di-mosca-contro-kiev\/?swcfpc=1&amp;_gl=1*11t3fmt*_up*MQ..*map__ga*MTA2MjY1OTc5MC4xNzY4NTkyNzIw*map__ga_QBRKXG4M97*czE3Njg1OTI3MjAkbzEkZzEkdDE3Njg1OTI3NDckajMzJGwwJGgw\">il missile balistico ipersonico Oreshnik <\/a>aveva distrutto il secondo pi\u00f9 grande deposito sotterrano di gas nei pressi della citt\u00e0 occidentale ucraina di Leopoli.<\/p>\n<p><img loading=\"lazy\" decoding=\"async\" class=\"alignnone wp-image-193919 size-full\" src=\"https:\/\/www.analisidifesa.it\/wp-content\/uploads\/2026\/01\/6a310248f8a59a31dd31b7d1f2d61a20-1.jpg\" alt=\"\" width=\"862\" height=\"485\" \/><\/p>\n<p>L\u2019impianto sotterraneo di stoccaggio di gas naturale di Bilche-Volitsko-Uhersky (nella foto in apertura), vicino a Striy, ha una capacit\u00e0 di 17,05 miliardi di metri cubi, ovvero oltre il 50% della capacit\u00e0 totale di tutti i depositi in Ucraina ed \u00e8 il secondo pi\u00f9 grande sito di stoccaggio sotterraneo di gas naturale in Europa.<\/p>\n<p>L\u2019infrastruttura, gestita da Ukrtransgaz, costituisce (o forse costituiva) un elemento strategico per la sicurezza energetica dell\u2019Ucraina e dell\u2019Europa, facilitando l\u2019accumulo di riserve di gas durante l\u2019estate per l\u2019uso invernale e supportando il transito del gas verso i mercati europei.<\/p>\n<p>La sua distruzione comporterebbe l\u2019annientamento di molti miliardi di euro di gas.<\/p>\n<p>Secondo le fonti ucraine l\u2019Oreshnik avrebbe colpito uno stabilimento industriale aeronautico ma le quotazioni del gas hanno cominciato ad alzarsi bruscamente dopo l\u2019attacco russo effettuato col missile balistico ipersonico: il 12 gennaio il prezzo del gas in Europa registr\u00f2 un balzo in avanti del 7,8 per cento sopra i 30 euro\/MWh.<\/p>\n<p>Solo una coincidenza? Di certo il tema sembra essere bandito dai media e dalle analisi rese pubbliche degli esperti di energia.<\/p>\n<p><em>Foto: Ukrtransgaz e TASS<\/em><\/p>\n<p><strong>FONTE:\u00a0<a href=\"https:\/\/www.analisidifesa.it\/2026\/01\/il-gas-a-37-euro-al-mwh-piu-27-per-cento-da-inizio-anno-effetto-oreschnik\/\">https:\/\/www.analisidifesa.it\/2026\/01\/il-gas-a-37-euro-al-mwh-piu-27-per-cento-da-inizio-anno-effetto-oreschnik\/<\/a><\/strong><\/p>\n","protected":false},"excerpt":{"rendered":"<p>da ANALISI DIFESA (Gianandrea Gaiani) Nuovo balzo del prezzo del gas naturale sulla piazza TTF di Amsterdam, dove in chiusura di seduta ha sfiorato i 37 euro al MWh. I contratti future sul mese di febbraio hanno guadagnato l\u201911,22% a 36,88 euro, portandosi ai livelli dello scorso mese di giugno. Tra le cause di una corsa sfociata in un rialzo di oltre il 27% da inizio anno, gli analisti evidenziano le previsioni di una nuova&#46;&#46;&#46;<\/p>\n","protected":false},"author":103,"featured_media":34021,"comment_status":"open","ping_status":"open","sticky":false,"template":"","format":"standard","meta":{"jetpack_post_was_ever_published":false,"_jetpack_newsletter_access":"","_jetpack_dont_email_post_to_subs":false,"_jetpack_newsletter_tier_id":0,"_jetpack_memberships_contains_paywalled_content":false,"_jetpack_memberships_contains_paid_content":false,"footnotes":"","jetpack_publicize_message":"","jetpack_publicize_feature_enabled":true,"jetpack_social_post_already_shared":true,"jetpack_social_options":{"image_generator_settings":{"template":"highway","enabled":false},"version":2}},"categories":[32],"tags":[],"jetpack_publicize_connections":[],"jetpack_featured_media_url":"https:\/\/appelloalpopolo.it\/wp-content\/uploads\/2017\/09\/analisidifesa.png","jetpack_sharing_enabled":true,"jetpack_shortlink":"https:\/\/wp.me\/p7ZaJ4-okl","_links":{"self":[{"href":"https:\/\/appelloalpopolo.it\/index.php?rest_route=\/wp\/v2\/posts\/93517"}],"collection":[{"href":"https:\/\/appelloalpopolo.it\/index.php?rest_route=\/wp\/v2\/posts"}],"about":[{"href":"https:\/\/appelloalpopolo.it\/index.php?rest_route=\/wp\/v2\/types\/post"}],"author":[{"embeddable":true,"href":"https:\/\/appelloalpopolo.it\/index.php?rest_route=\/wp\/v2\/users\/103"}],"replies":[{"embeddable":true,"href":"https:\/\/appelloalpopolo.it\/index.php?rest_route=%2Fwp%2Fv2%2Fcomments&post=93517"}],"version-history":[{"count":4,"href":"https:\/\/appelloalpopolo.it\/index.php?rest_route=\/wp\/v2\/posts\/93517\/revisions"}],"predecessor-version":[{"id":93522,"href":"https:\/\/appelloalpopolo.it\/index.php?rest_route=\/wp\/v2\/posts\/93517\/revisions\/93522"}],"wp:featuredmedia":[{"embeddable":true,"href":"https:\/\/appelloalpopolo.it\/index.php?rest_route=\/wp\/v2\/media\/34021"}],"wp:attachment":[{"href":"https:\/\/appelloalpopolo.it\/index.php?rest_route=%2Fwp%2Fv2%2Fmedia&parent=93517"}],"wp:term":[{"taxonomy":"category","embeddable":true,"href":"https:\/\/appelloalpopolo.it\/index.php?rest_route=%2Fwp%2Fv2%2Fcategories&post=93517"},{"taxonomy":"post_tag","embeddable":true,"href":"https:\/\/appelloalpopolo.it\/index.php?rest_route=%2Fwp%2Fv2%2Ftags&post=93517"}],"curies":[{"name":"wp","href":"https:\/\/api.w.org\/{rel}","templated":true}]}}