{"id":93524,"date":"2026-01-19T08:30:43","date_gmt":"2026-01-19T07:30:43","guid":{"rendered":"https:\/\/appelloalpopolo.it\/?p=93524"},"modified":"2026-01-18T17:15:22","modified_gmt":"2026-01-18T16:15:22","slug":"rheinmetall-e-la-nuova-gold-rush-tedesca-dalle-macerie-della-crisi-auto-al-boom-del-riarmo","status":"publish","type":"post","link":"https:\/\/appelloalpopolo.it\/?p=93524","title":{"rendered":"Rheinmetall e la Nuova \u201cGold Rush\u201d Tedesca: Dalle Macerie della Crisi Auto al Boom del Riarmo"},"content":{"rendered":"<p><strong>di VOCIDALLAGERMANIA (redazione)<\/strong><\/p>\n<p>&nbsp;<\/p>\n<div class=\"bs-blog-thumb\"><img loading=\"lazy\" decoding=\"async\" class=\"img-fluid attachment-full size-full wp-post-image\" src=\"https:\/\/vocidallagermania.it\/wp-content\/uploads\/2025\/12\/Gemini_Generated_Image_xlzibvxlzibvxlzi-e1765749220870.png\" alt=\"Rheinmetall\" width=\"800\" height=\"728\" \/><\/div>\n<article class=\"small single\">\n<div class=\"wp-block-spacer\" aria-hidden=\"true\"><\/div>\n<p class=\"has-medium-font-size\"><strong>Una scena che, fino a pochi anni fa,\u00a0<\/strong>sarebbe sembrata una distopia industriale o una barzelletta di cattivo gusto: un ingegnere specializzato in aerodinamica per auto sportive di lusso, abituato a limare milligrammi su pedali in alluminio per guadagnare centesimi di secondo in pista, si ritrova seduto a un tavolo di progettazione per un colosso della difesa. Non sta pi\u00f9 disegnando linee sinuose per fendere l\u2019aria sulle Autobahn, ma sta calcolando la resilienza di corazzature pesanti destinate ai confini orientali della NATO.<\/p>\n<p class=\"has-medium-font-size\">Questa non \u00e8 una scena tratta da un romanzo cyberpunk, ma la fotografia nitida e granulosa della Germania odierna. Mentre i\u00a0<a href=\"https:\/\/vocidallagermania.it\/la-crisi-dellindustria-automobilistica-tedesca-cosa-ne-pensano-i-lavoratori-delle-aziende-in-crisi\/\">giganti\u00a0<\/a>storici dell\u2019automotive come Volkswagen, Bosch e ZF annaspano tra transizioni elettriche difficili e concorrenza asiatica, un altro titano sta emergendo con una fame insaziabile di talenti:\u00a0<strong>Rheinmetall<\/strong>.<\/p>\n<p class=\"has-medium-font-size\">La\u00a0<a href=\"https:\/\/vocidallagermania.it\/recessione-germania-2025-la-locomotiva-deuropa-si-e-fermata-e-nessuno-sa-come-riaccenderla\/\">\u201clocomotiva d\u2019Europa\u201d\u00a0<\/a>sta cambiando binario. Non traina pi\u00f9 vagoni merci pieni di berline familiari, ma piattaforme logistiche per munizioni e sistemi satellitari. In questo articolo, esploreremo come la\u00a0<strong>crisi auto Germania<\/strong>\u00a0stia alimentando involontariamente la pi\u00f9 grande espansione dell\u2019industria bellica dalla Guerra Fredda, trasformando radicalmente il mercato del lavoro e ridefinendo l\u2019identit\u00e0 industriale tedesca. Benvenuti nell\u2019era dell\u2019economia di guerra, dove la sicurezza del posto di lavoro passa attraverso la sicurezza nazionale.<\/p>\n<div class=\"wp-block-spacer\" aria-hidden=\"true\"><\/div>\n<div class=\"wp-block-image\">\n<figure class=\"aligncenter size-full is-resized\"><img loading=\"lazy\" decoding=\"async\" class=\"wp-image-3266\" src=\"https:\/\/vocidallagermania.it\/wp-content\/uploads\/2025\/10\/Gemini_Generated_Image_rk7wo4rk7wo4rk7w.png\" alt=\"Riarmo Germania\" width=\"600\" height=\"461\" \/><\/figure>\n<\/div>\n<div class=\"wp-block-spacer\" aria-hidden=\"true\"><\/div>\n<h2 class=\"wp-block-heading\">Il Grande Paradosso: Perch\u00e9 la Crisi Auto in Germania \u00e8 il Motore del Riarmo?<\/h2>\n<p class=\"has-medium-font-size\">Per comprendere la portata di ci\u00f2 che sta accadendo, dobbiamo guardare ai numeri con la freddezza di un analista finanziario e l\u2019empatia di un sociologo. La Germania sta vivendo una tempesta perfetta. Da un lato, abbiamo un\u00a0<a href=\"https:\/\/vocidallagermania.it\/la-crisi-dellindustria-automobilistica-tedesca-cosa-ne-pensano-i-lavoratori-delle-aziende-in-crisi\/\">settore automobilistico<\/a>\u00a0\u2014 da sempre orgoglio nazionale e garante del ceto medio \u2014 che sta affrontando una crisi strutturale senza precedenti. Le notizie di\u00a0<strong>licenziamenti nel settore auto<\/strong>\u00a0si susseguono con ritmo martellante: piani di riduzione del personale che coinvolgono decine di migliaia di lavoratori, chiusure di stabilimenti storici e una contrazione della forza lavoro che, secondo alcune stime, potrebbe toccare le 100.000 unit\u00e0 entro il 2027.<\/p>\n<p class=\"has-medium-font-size\">Dall\u2019altro lato della barricata, c\u2019\u00e8 un boom esplosivo. Le tensioni geopolitiche, dal conflitto in Ucraina all\u2019instabilit\u00e0 in Medio Oriente, hanno costretto la Germania a risvegliarsi dal suo sonno pacifista. Il cancelliere Scholz ha parlato di\u00a0<em>Zeitenwende<\/em>\u00a0(svolta epocale), e i soldi hanno iniziato a fluire.<\/p>\n<p class=\"has-medium-font-size\">Analisi approfondite, come quelle condotte da testate attente alle dinamiche geopolitiche\u00a0<a href=\"https:\/\/www.german-foreign-policy.com\/news\/detail\/10234\">come\u00a0<em>German-Foreign-Policy<\/em>,<\/a>\u00a0dipingono un quadro chiaro: mentre l\u2019auto frena, la difesa accelera.\u00a0<strong>Rheinmetall<\/strong>\u00a0non \u00e8 pi\u00f9 solo un fornitore della Bundeswehr, ma si sta candidando a diventare il secondo colosso mondiale della difesa, con l\u2019obiettivo ambizioso di raggiungere i\u00a0<strong>50 miliardi di euro di fatturato entro il 2030<\/strong>. \u00c8 un travaso di risorse, capitali e, soprattutto, cervelli.<\/p>\n<p class=\"has-medium-font-size\">Il paradosso sta tutto qui: la debolezza di un settore civile diventa la forza trainante di quello militare. Senza la disponibilit\u00e0 di ingegneri altamente qualificati \u201cliberati\u201d dalla crisi dell\u2019auto, l\u2019espansione rapida richiesta dal riarmo sarebbe impossibile per mancanza di personale specializzato. \u00c8 un riciclo di competenze di altissimo livello che sta salvando le statistiche occupazionali tedesche, ma che pone interrogativi profondi sul futuro dell\u2019industria civile.<\/p>\n<div class=\"wp-block-spacer\" aria-hidden=\"true\"><\/div>\n<figure class=\"wp-block-image size-large\"><img loading=\"lazy\" decoding=\"async\" class=\"wp-image-2891\" src=\"https:\/\/vocidallagermania.it\/wp-content\/uploads\/2025\/05\/Gemini_Generated_Image_s68d6es68d6es68d-960x960.jpg\" alt=\"Keynesismo degli Armamenti Germania\" width=\"960\" height=\"960\" \/><\/figure>\n<div class=\"wp-block-spacer\" aria-hidden=\"true\"><\/div>\n<h2 class=\"wp-block-heading\">Da Volkswagen a Rheinmetall: Come Cambia la Vita di un Ingegnere Tedesco?<\/h2>\n<p class=\"has-medium-font-size\">La frase chiave che risuona nei corridoi delle agenzie di reclutamento tedesche \u00e8 una sola:\u00a0<strong>da\u00a0<a href=\"https:\/\/vocidallagermania.it\/volkswagen-in-crisi-la-verita-sulle-retribuzioni-dei-top-manager\/\">Volkswagen<\/a>\u00a0a Rheinmetall<\/strong>. Ma cosa significa concretamente questo passaggio? Non si tratta solo di cambiare badge aziendale. \u00c8 una trasformazione culturale e tecnica.<\/p>\n<p class=\"has-medium-font-size\">Le\u00a0<strong>assunzioni\u00a0<a href=\"https:\/\/vocidallagermania.it\/tag\/rheinmetall\/\">Rheinmetall<\/a><\/strong>\u00a0stanno viaggiando al ritmo di circa 10.000 nuovi ingressi l\u2019anno, una cifra mostruosa che serve a coprire non solo la produzione di munizioni (il \u201cpane e burro\u201d della guerra), ma anche lo sviluppo di tecnologie avanzate. Fonti\u00a0<a href=\"https:\/\/www.capital.de\/wirtschaft-politik\/rheinmetall-schafft-jobs--vw-entlaesst--die-deutschland-ag-im-umbau-35976678.html\" rel=\"nofollow\">come\u00a0<em>Capital<\/em><\/a>\u00a0e\u00a0<em><a href=\"https:\/\/www.vau-max.de\/magazin\/news\/fachkraefte-aus-autoindustrie-in-der-ruestung.10855\">VAU-MAX<\/a><\/em>\u00a0riportano come i profili pi\u00f9 ricercati siano meccatronici, ingegneri del software, esperti di materiali e project manager abituati a gestire supply chain complesse. Chi ha passato anni a ottimizzare la produzione di motori termici o a gestire l\u2019elettronica di bordo di un SUV ha esattamente il\u00a0<em>know-how<\/em>\u00a0che serve per costruire il nuovo carro armato Panther o i veicoli da combattimento Lynx.<\/p>\n<p class=\"has-medium-font-size\"><strong>Ma c\u2019\u00e8 un aspetto psicologico da non sottovalutare.<\/strong>\u00a0Fino a pochi anni fa, lavorare per l\u2019industria della difesa in Germania era considerato un tab\u00f9 sociale, quasi una macchia sul curriculum per chi proveniva dal settore civile \u201cpulito\u201d. Oggi, la narrazione \u00e8 cambiata. La stabilit\u00e0 offerta dai contratti governativi a lungo termine, unita a stipendi che spesso superano quelli del settore auto (si parla di medie elevate e benefit competitivi), ha eroso le resistenze morali. La \u201csicurezza\u201d del posto di lavoro \u00e8 diventata la priorit\u00e0 assoluta. Lavorare per la difesa \u00e8 ora visto come un contributo alla stabilit\u00e0 democratica europea, un\u00a0<em>rebranding<\/em>\u00a0etico che sta facilitando l\u2019esodo di massa dei colletti bianchi verso D\u00fcsseldorf, Unterl\u00fc\u00df e gli altri poli produttivi militari.<\/p>\n<div class=\"wp-block-spacer\" aria-hidden=\"true\"><\/div>\n<figure class=\"wp-block-image size-large\"><img loading=\"lazy\" decoding=\"async\" class=\"wp-image-2527\" src=\"https:\/\/vocidallagermania.it\/wp-content\/uploads\/2025\/04\/Gemini_Generated_Image_dhs6l0dhs6l0dhs6-960x960.jpeg\" alt=\"insolvenze in germania\" width=\"960\" height=\"960\" \/><\/figure>\n<div class=\"wp-block-spacer\" aria-hidden=\"true\"><\/div>\n<h2 class=\"wp-block-heading\">Oltre i Carri Armati: Satelliti, Droni e la Nuova Frontiera del \u201cLavoro Ingegneri Germania\u201d<\/h2>\n<p class=\"has-medium-font-size\">Sarebbe un errore grossolano pensare che\u00a0<strong>Rheinmetall<\/strong>\u00a0stia assumendo migliaia di persone solo per saldare lamiere di blindati. L\u2019azienda si sta trasformando in quella che il CEO Armin Papperger definisce un \u201cSystemhaus\u201d trans-dominio, operante su terra, aria, mare e, sorprendentemente, nello spazio.<\/p>\n<p class=\"has-medium-font-size\">Le opportunit\u00e0 di\u00a0<strong>lavoro ingegneri Germania<\/strong>\u00a0si stanno quindi diversificando in settori ad altissimo contenuto tecnologico, rendendo l\u2019offerta lavorativa estremamente attraente anche per i talenti della Silicon Valley o delle startup innovative.<br \/>\nEcco dove si sta dirigendo l\u2019innovazione (e le assunzioni):<\/p>\n<ol class=\"wp-block-list\">\n<li class=\"has-medium-font-size\"><strong>Il Fronte Spaziale e la Sorveglianza:<\/strong>\u00a0L\u2019acquisizione di quote in aziende come la finlandese\u00a0<em>Iceye<\/em>\u00a0dimostra l\u2019interesse per i satelliti SAR (radar ad apertura sintetica). Stiamo parlando di occhi elettronici capaci di vedere di notte e attraverso le nuvole, fornendo dati in tempo reale sul campo di battaglia. Il progetto SPOCK per la Bundeswehr \u00e8 solo l\u2019inizio. Per un ingegnere aerospaziale o un data scientist, lavorare qui significa operare all\u2019avanguardia della tecnologia di osservazione terrestre.<\/li>\n<li class=\"has-medium-font-size\"><strong>La Guerra dei\u00a0<a href=\"https:\/\/vocidallagermania.it\/isteria-droni-germania-la-crisi-fabbricata-che-vale-9-miliardi-riscrive-le-leggi-e-ridisegna-la-sorveglianza-di-stato\/\">Droni<\/a>:<\/strong>\u00a0Non pi\u00f9 solo grossi pezzi di artiglieria. La collaborazione con l\u2019israeliana\u00a0<em>UVision<\/em>\u00a0per le munizioni circuitanti (i cosiddetti droni kamikaze \u201cHero\u201d) e con la startup americana\u00a0<em>Anduril<\/em>\u00a0apre le porte a esperti di intelligenza artificiale, robotica e sistemi autonomi.<\/li>\n<li class=\"has-medium-font-size\"><strong>Dominio Navale:<\/strong>\u00a0L\u2019espansione nel settore navale, con l\u2019acquisizione di asset dai cantieri L\u00fcrssen, richiede ingegneri navali e sistemisti per integrare armamenti di nuova generazione su corvette e navi da pattugliamento.<\/li>\n<\/ol>\n<p class=\"has-medium-font-size\">In questo contesto, il\u00a0<strong>lavoro ingegneri Germania<\/strong>\u00a0non \u00e8 pi\u00f9 statico. \u00c8 dinamico, digitale e interconnesso. La digitalizzazione del campo di battaglia richiede competenze che fino a ieri erano appannaggio delle Big Tech, creando un ibrido tra industria pesante e software house.<\/p>\n<div class=\"wp-block-spacer\" aria-hidden=\"true\"><\/div>\n<figure class=\"wp-block-image size-large\"><img loading=\"lazy\" decoding=\"async\" class=\"wp-image-2266\" src=\"https:\/\/vocidallagermania.it\/wp-content\/uploads\/2025\/03\/f7913cf5-a7d6-4aaf-abc7-092841d2d6ba-960x960.jpeg\" alt=\"germania propaganda bellica\" width=\"960\" height=\"960\" \/><\/figure>\n<div class=\"wp-block-spacer\" aria-hidden=\"true\"><\/div>\n<h2 class=\"wp-block-heading\">Posti di Lavoro Industria Difesa: Dove Sono e Chi Cercano Davvero?<\/h2>\n<p class=\"has-medium-font-size\">Quando si parla di\u00a0<strong>posti di lavoro industria difesa<\/strong>, la geografia conta. La mappa industriale della Germania si sta ridisegnando. Se citt\u00e0 come Wolfsburg o Stoccarda tremano per l\u2019incertezza dell\u2019auto, altri centri stanno vivendo una rinascita economica.<\/p>\n<p class=\"has-medium-font-size\">Luoghi come\u00a0<strong>Unterl\u00fc\u00df<\/strong>\u00a0nella Bassa Sassonia, dove Rheinmetall sta ampliando quello che potrebbe diventare il pi\u00f9 grande stabilimento di munizioni d\u2019Europa, sono affamati di personale. Ma non si tratta solo di operai. Si cercano chimici per gli esplosivi, esperti di logistica per gestire flussi di materiali enormi e tecnici della sicurezza.<br \/>\nA\u00a0<strong>Brema<\/strong>, l\u2019espansione \u00e8 tangibile, con centinaia di nuovi posti creati in pochissimo tempo, come riportato anche dalle cronache locali di\u00a0<em>buten un binnen<\/em>. Qui la sinergia con il settore navale e aerospaziale \u00e8 forte.<br \/>\nA\u00a0<strong>Weeze<\/strong>, in Nordreno-Vestfalia, la collaborazione con il gigante americano Lockheed Martin per la produzione di parti del caccia F-35 sta creando un hub aeronautico di prim\u2019ordine.<\/p>\n<p class=\"has-medium-font-size\">Le figure ricercate coprono l\u2019intero spettro lavorativo:<\/p>\n<ul class=\"wp-block-list\">\n<li class=\"has-medium-font-size\"><strong>Produzione:<\/strong>\u00a0Saldatori certificati, operatori CNC, assemblatori di precisione.<\/li>\n<li class=\"has-medium-font-size\"><strong>R&amp;D:<\/strong>\u00a0Ingegneri elettronici, sviluppatori software per sistemi embedded, specialisti in cybersecurity.<\/li>\n<li class=\"has-medium-font-size\"><strong>Management:<\/strong>\u00a0Responsabili degli acquisti (procurement \u00e8 cruciale in tempi di scarsit\u00e0 di materie prime), HR manager per gestire la crescita esplosiva, esperti legali per la compliance internazionale.<\/li>\n<\/ul>\n<p class=\"has-medium-font-size\"><strong>Requisito fondamentale?<\/strong>\u00a0Spesso \u00e8 la cittadinanza o la residenza in paesi NATO\/UE e una fedina penale immacolata. Lavorare su progetti classificati richiede nulla osta di sicurezza (security clearance) che possono richiedere mesi per essere ottenuti. Questo \u00e8 un filtro importante che rende il bacino di utenza pi\u00f9 ristretto e selettivo rispetto all\u2019industria civile.<\/p>\n<div class=\"wp-block-spacer\" aria-hidden=\"true\"><\/div>\n<figure class=\"wp-block-image size-large\"><img loading=\"lazy\" decoding=\"async\" class=\"wp-image-3514\" src=\"https:\/\/vocidallagermania.it\/wp-content\/uploads\/2025\/11\/Gemini_Generated_Image_rpkg0drpkg0drpkg-960x504.png\" alt=\"crisi auto germania\" width=\"960\" height=\"504\" \/><\/figure>\n<div class=\"wp-block-spacer\" aria-hidden=\"true\"><\/div>\n<h2 class=\"wp-block-heading\">L\u2019Economia di Guerra e l\u2019Influenza Transatlantica: Chi Controlla il Gioco?<\/h2>\n<p class=\"has-medium-font-size\">Dietro le assunzioni record e i fatturati da capogiro, c\u2019\u00e8 una trama geopolitica che merita di essere svelata. Analisi acute come quelle di\u00a0<em>German-Foreign-Policy<\/em>\u00a0evidenziano come la crescita di Rheinmetall non sia un fenomeno puramente tedesco, ma fortemente \u201ctransatlantico\u201d.<\/p>\n<p class=\"has-medium-font-size\">L\u2019azionariato del gruppo vede una presenza massiccia di investitori istituzionali americani come\u00a0<strong>BlackRock<\/strong>,\u00a0<strong>Goldman Sachs<\/strong>\u00a0e\u00a0<strong>Bank of America<\/strong>. Questo non \u00e8 un dettaglio da poco: significa che il riarmo tedesco \u00e8 finanziariamente interconnesso con Wall Street. Inoltre, le partnership strategiche con giganti USA come Lockheed Martin (per gli F-35 e i sistemi missilistici) legano a doppio filo il destino industriale della Germania a quello degli Stati Uniti.<\/p>\n<p class=\"has-medium-font-size\">Cosa significa questo per chi cerca lavoro? Significa stabilit\u00e0, ma anche dipendenza dalle dinamiche politiche internazionali. L\u2019industria della difesa opera in un regime di quasi-monopolio statale o di oligopolio internazionale. A differenza dell\u2019auto, che dipende dai gusti dei consumatori e dai tassi di interesse sui prestiti, la difesa dipende dai bilanci statali e dalle minacce percepite. In un mondo sempre pi\u00f9 instabile, questo settore \u00e8 paradossalmente diventato un \u201cporto sicuro\u201d per l\u2019occupazione.<\/p>\n<p class=\"has-medium-font-size\">Esiste anche una nicchia interessante di tecnologie \u201cITAR-free\u201d (libere dalle restrizioni americane sul traffico d\u2019armi), come alcuni satelliti sviluppati con Iceye. Questo indica una volont\u00e0, seppur parziale, di mantenere una certa sovranit\u00e0 tecnologica europea, creando ulteriori nicchie per ricercatori e sviluppatori che vogliano lavorare su tecnologie proprietarie del vecchio continente.<\/p>\n<div class=\"wp-block-spacer\" aria-hidden=\"true\"><\/div>\n<figure class=\"wp-block-image size-large\"><img loading=\"lazy\" decoding=\"async\" class=\"wp-image-2850\" src=\"https:\/\/vocidallagermania.it\/wp-content\/uploads\/2025\/05\/Gemini_Generated_Image_oggzwdoggzwdoggz-960x960.jpeg\" alt=\"riarmo germania\" width=\"960\" height=\"960\" \/><\/figure>\n<div class=\"wp-block-spacer\" aria-hidden=\"true\"><\/div>\n<h2 class=\"wp-block-heading\">Quanto Dura la Festa? Rischi e Prospettive del Boom<\/h2>\n<p class=\"has-medium-font-size\">Tutto questo entusiasmo porta con s\u00e9 una domanda inevitabile: \u00e8 sostenibile? Le\u00a0<strong>assunzioni Rheinmetall<\/strong>\u00a0continueranno a questi ritmi per sempre?<br \/>\nGli esperti, citati anche dalla\u00a0<a href=\"https:\/\/rp-online.de\/wirtschaft\/unternehmen\/rheinmetall-welche-fachkraefte-der-ruestungskonzern-wo-sucht-v1_aid-135672303\"><em>Rheinische Post<\/em><\/a>e da\u00a0<a href=\"https:\/\/www.n-tv.de\/wirtschaft\/Deutsche-Ruestungsindustrie-rechnet-mit-Zigtausenden-neuen-Arbeitsplaetzen-article26118378.html\"><em>n-tv<\/em>,\u00a0<\/a>suggeriscono che non si tratta di una bolla a breve termine. La necessit\u00e0 di riempire i magazzini di munizioni svuotati dagli aiuti all\u2019Ucraina richieder\u00e0 anni, forse un decennio, di produzione a pieno regime. Anche in uno scenario ipotetico di pace immediata, la fiducia tra blocchi geopolitici \u00e8 ormai fratturata; il riarmo preventivo e la modernizzazione degli eserciti NATO garantiranno commesse per almeno 15-20 anni.<\/p>\n<p class=\"has-medium-font-size\">Tuttavia, c\u2019\u00e8 il rischio di un \u201cbrain drain\u201d interno. Se i migliori ingegneri tedeschi si spostano in massa verso la difesa, chi progetter\u00e0 le auto elettriche, le reti energetiche sostenibili e le infrastrutture civili del futuro? La Germania rischia di eccellere nella costruzione di carri armati e restare indietro nella mobilit\u00e0 sostenibile o nell\u2019elettronica di consumo? \u00c8 un rischio concreto. L\u2019attrattivit\u00e0 degli stipendi del settore difesa potrebbe cannibalizzare l\u2019innovazione civile, creando uno squilibrio nel tessuto industriale nazionale.<\/p>\n<p class=\"has-medium-font-size\">Inoltre, c\u2019\u00e8 la questione etica che, sebbene sopita dalla necessit\u00e0 economica, rimane sottotraccia. Lavorare per la difesa significa accettare che il prodotto finale del proprio ingegno \u00e8 progettato per distruggere. Per molti ex dipendenti del settore auto, abituati a ragionare in termini di sicurezza dei passeggeri ed emissioni ridotte, questo richiede un adattamento mentale non indifferente.<\/p>\n<div class=\"wp-block-spacer\" aria-hidden=\"true\"><\/div>\n<figure class=\"wp-block-image size-large\"><img loading=\"lazy\" decoding=\"async\" class=\"wp-image-3601\" src=\"https:\/\/vocidallagermania.it\/wp-content\/uploads\/2025\/12\/Gemini_Generated_Image_xlzibvxlzibvxlzi-960x874.png\" alt=\"Rheinmetall\" width=\"960\" height=\"874\" \/><\/figure>\n<div class=\"wp-block-spacer\" aria-hidden=\"true\"><\/div>\n<hr class=\"wp-block-separator has-alpha-channel-opacity\" \/>\n<h3 class=\"wp-block-heading\">Conclusione: Un Nuovo Capitolo per l\u2019Industria Tedesca?<\/h3>\n<p class=\"has-medium-font-size\">Siamo di fronte a una trasformazione storica. La Germania sta scoprendo che la sua famosa resilienza industriale ha cambiato volto: meno lucido e cromato come quello di una Mercedes, e pi\u00f9 mimetico e robusto come quello di un\u00a0<em>Panther KF51<\/em>.<\/p>\n<p class=\"has-medium-font-size\">Il travaso di forza lavoro\u00a0<strong>da Volkswagen a Rheinmetall<\/strong>\u00a0\u00e8 l\u2019indicatore pi\u00f9 fedele di questo cambiamento. Per gli ingegneri e i tecnici tedeschi, o per chi dall\u2019estero guarda alla Germania come terra di opportunit\u00e0, il messaggio \u00e8 chiaro: le porte delle fabbriche sono aperte, ma ci\u00f2 che esce dalla linea di produzione \u00e8 molto diverso rispetto a dieci anni fa.<\/p>\n<p class=\"has-medium-font-size\">La \u201cWar Economy\u201d \u00e8 diventata, volenti o nolenti, l\u2019ammortizzatore sociale della crisi dell\u2019auto. Resta da chiedersi: questa nuova identit\u00e0 industriale render\u00e0 la Germania pi\u00f9 forte e sicura, o la legher\u00e0 indissolubilmente alla perpetuazione dei conflitti globali per mantenere il proprio benessere economico?<\/p>\n<p class=\"has-medium-font-size\"><em>E voi? Se foste un ingegnere dell\u2019automotive di fronte a un bivio, accettereste di portare le vostre competenze nel settore della difesa? La stabilit\u00e0 economica vale il compromesso etico, o vedete in questo settore una necessaria salvaguardia della democrazia? La discussione \u00e8 aperta.<\/em><\/p>\n<\/article>\n<p>&nbsp;<\/p>\n<p><strong>FONTE:<\/strong>\u00a0<a href=\"https:\/\/vocidallagermania.it\/rheinmetall-assunzioni-crisi-auto-germania\/\">https:\/\/vocidallagermania.it\/rheinmetall-assunzioni-crisi-auto-germania\/<\/a><\/p>\n","protected":false},"excerpt":{"rendered":"<p>di VOCIDALLAGERMANIA (redazione) &nbsp; Una scena che, fino a pochi anni fa,\u00a0sarebbe sembrata una distopia industriale o una barzelletta di cattivo gusto: un ingegnere specializzato in aerodinamica per auto sportive di lusso, abituato a limare milligrammi su pedali in alluminio per guadagnare centesimi di secondo in pista, si ritrova seduto a un tavolo di progettazione per un colosso della difesa. Non sta pi\u00f9 disegnando linee sinuose per fendere l\u2019aria sulle Autobahn, ma sta calcolando la&#46;&#46;&#46;<\/p>\n","protected":false},"author":99,"featured_media":81877,"comment_status":"open","ping_status":"open","sticky":false,"template":"","format":"standard","meta":{"jetpack_post_was_ever_published":false,"_jetpack_newsletter_access":"","_jetpack_dont_email_post_to_subs":false,"_jetpack_newsletter_tier_id":0,"_jetpack_memberships_contains_paywalled_content":false,"_jetpack_memberships_contains_paid_content":false,"footnotes":"","jetpack_publicize_message":"","jetpack_publicize_feature_enabled":true,"jetpack_social_post_already_shared":true,"jetpack_social_options":{"image_generator_settings":{"template":"highway","enabled":false},"version":2}},"categories":[32],"tags":[],"jetpack_publicize_connections":[],"jetpack_featured_media_url":"https:\/\/appelloalpopolo.it\/wp-content\/uploads\/2023\/10\/cropped-cropped-cropped-cropped-cropped-cropped-cropped-cropped-cropped-Voci-dalla-Germania_logo-1.jpg","jetpack_sharing_enabled":true,"jetpack_shortlink":"https:\/\/wp.me\/p7ZaJ4-oks","_links":{"self":[{"href":"https:\/\/appelloalpopolo.it\/index.php?rest_route=\/wp\/v2\/posts\/93524"}],"collection":[{"href":"https:\/\/appelloalpopolo.it\/index.php?rest_route=\/wp\/v2\/posts"}],"about":[{"href":"https:\/\/appelloalpopolo.it\/index.php?rest_route=\/wp\/v2\/types\/post"}],"author":[{"embeddable":true,"href":"https:\/\/appelloalpopolo.it\/index.php?rest_route=\/wp\/v2\/users\/99"}],"replies":[{"embeddable":true,"href":"https:\/\/appelloalpopolo.it\/index.php?rest_route=%2Fwp%2Fv2%2Fcomments&post=93524"}],"version-history":[{"count":1,"href":"https:\/\/appelloalpopolo.it\/index.php?rest_route=\/wp\/v2\/posts\/93524\/revisions"}],"predecessor-version":[{"id":93525,"href":"https:\/\/appelloalpopolo.it\/index.php?rest_route=\/wp\/v2\/posts\/93524\/revisions\/93525"}],"wp:featuredmedia":[{"embeddable":true,"href":"https:\/\/appelloalpopolo.it\/index.php?rest_route=\/wp\/v2\/media\/81877"}],"wp:attachment":[{"href":"https:\/\/appelloalpopolo.it\/index.php?rest_route=%2Fwp%2Fv2%2Fmedia&parent=93524"}],"wp:term":[{"taxonomy":"category","embeddable":true,"href":"https:\/\/appelloalpopolo.it\/index.php?rest_route=%2Fwp%2Fv2%2Fcategories&post=93524"},{"taxonomy":"post_tag","embeddable":true,"href":"https:\/\/appelloalpopolo.it\/index.php?rest_route=%2Fwp%2Fv2%2Ftags&post=93524"}],"curies":[{"name":"wp","href":"https:\/\/api.w.org\/{rel}","templated":true}]}}