{"id":93608,"date":"2026-01-23T09:30:38","date_gmt":"2026-01-23T08:30:38","guid":{"rendered":"https:\/\/appelloalpopolo.it\/?p=93608"},"modified":"2026-01-22T15:52:33","modified_gmt":"2026-01-22T14:52:33","slug":"in-ucraina-neonazisti-ed-ex-soldati-francesi-uniscono-le-forze-per-combattere-contro-la-russia","status":"publish","type":"post","link":"https:\/\/appelloalpopolo.it\/?p=93608","title":{"rendered":"In Ucraina, neonazisti ed ex soldati francesi uniscono le forze per combattere contro la Russia"},"content":{"rendered":"<p style=\"text-align: justify\"><strong>di L&#8217;ANTIDIPLOMATICO (S\u00e9bastien Bourdon)<\/strong><\/p>\n<p><img loading=\"lazy\" decoding=\"async\" class=\"alignnone size-medium wp-image-93609\" src=\"https:\/\/appelloalpopolo.it\/wp-content\/uploads\/2026\/01\/350x200c50-38-300x171.jpg\" alt=\"\" width=\"300\" height=\"171\" srcset=\"https:\/\/appelloalpopolo.it\/wp-content\/uploads\/2026\/01\/350x200c50-38-300x171.jpg 300w, https:\/\/appelloalpopolo.it\/wp-content\/uploads\/2026\/01\/350x200c50-38.jpg 350w\" sizes=\"(max-width: 300px) 100vw, 300px\" \/><\/p>\n<p style=\"text-align: justify\"><em>di\u00a0<span dir=\"auto\">\u00a0<\/span><span class=\"one-author\" data-v-ebb5e1a0=\"\"><a class=\"\" href=\"https:\/\/www.streetpress.com\/reporter\/sebastien-bourdon\" data-v-ebb5e1a0=\"\"><span dir=\"auto\">S\u00e9bastien Bourdon<\/span><\/a><\/span>\u00a0&#8211;\u00a0<a href=\"https:\/\/www.streetpress.com\/sujet\/1768820205-ukraine-neonazis-legion-pirates-militaires-francais-engagent-armee-russie-cibles-lfi-nfp\" target=\"_blank\" rel=\"noopener\">StreetPress<\/a><\/em><\/p>\n<p style=\"text-align: justify\"><strong><span dir=\"auto\">Una ventina di uomini armati in uniforme posano attorno a un veicolo blindato.<\/span><\/strong><span dir=\"auto\">\u00a0La foto, pubblicata sull&#8217;account Instagram di un neonazista nel settembre 2025, mostra un gruppo di volontari francesi che combattono in Ucraina. Sebbene i loro volti siano sfocati, diverse persone la condividono, chiaramente orgogliose del loro impegno. Oltre alle emoji delle bandiere francese e ucraina, uno di loro commenta: &#8220;Einsatzgruppen&#8221;. Questo \u00e8 il nome dato dalla Germania nazista alle unit\u00e0 responsabili dello sterminio di ebrei, rom e oppositori politici sul fronte orientale durante la Seconda Guerra Mondiale.<\/span><\/p>\n<p style=\"text-align: justify\"><span dir=\"auto\">L&#8217;autore di questo riferimento all&#8217;Olocausto tramite proiettili \u00e8 Gwendal D. (1), noto con lo pseudonimo di &#8220;Kenneth&#8221; e citato in\u00a0<\/span><a href=\"https:\/\/www.rue89lyon.fr\/2023\/05\/24\/militant-neonazi-lyon-populaire-ukraine\/\"><span dir=\"auto\">diversi articoli di stampa.\u00a0<\/span><\/a><strong><span dir=\"auto\">Con svastiche ed emblemi delle SS tatuati sul corpo,<\/span><\/strong><span dir=\"auto\">\u00a0questo neonazista di Lione \u00e8 arrivato in Ucraina nel 2022 prima di essere raggiunto, nella primavera del 2023, da\u00a0<\/span><a href=\"https:\/\/www.mediapart.fr\/journal\/france\/240523\/un-neonazi-soupconne-d-avoir-agresse-un-attache-parlementaire-lfi-deguerpit-en-ukraine\"><span dir=\"auto\">altri due cittadini francesi.<\/span><\/a><span dir=\"auto\">\u00a0Uno \u00e8 il teppista di estrema destra\u00a0<\/span><a href=\"https:\/\/www.streetpress.com\/sujet\/1698222484-cesar-aujard-paul-bichet-neonazi-mondains-beatrice-dalle-hooligan-combat-ukraine-gud\"><span dir=\"auto\">C\u00e9sar Aujard,<\/span><\/a><span dir=\"auto\">\u00a0sospettato di aver partecipato\u00a0<\/span><a href=\"https:\/\/www.streetpress.com\/sujet\/1683295666-hooligans-neonazis-tabassent-attache-parlementaire-france-insoumise-stade-france-coupe-nantes-toulouse-agression-racisme\"><span dir=\"auto\">all&#8217;aggressione a un assistente parlamentare di La France Insoumise (\u00a0<\/span><span class=\"caps\"><span dir=\"auto\">LFI<\/span><\/span><span dir=\"auto\">\u00a0),<\/span><\/a><span dir=\"auto\">\u00a0e l&#8217;altro \u00e8 un attivista del\u00a0<\/span><a title=\"GUD\" href=\"https:\/\/cartofaf.streetpress.com\/liste\/groupe-union-defense\/\"><span dir=\"auto\">Groupe Union D\u00e9fense<\/span><\/a><span dir=\"auto\">\u00a0che in precedenza aveva prestato servizio nella Legione straniera francese.<\/span><\/p>\n<p style=\"text-align: justify\">La presenza di neonazisti francesi che combattono al fianco di Kiev contro gli invasori russi non \u00e8 una novit\u00e0. Secondo le nostre informazioni, questo gruppo ha rafforzato significativamente i suoi ranghi nel 2025 e da allora ha continuato a reclutare attivamente, fino a formare una propria unit\u00e0. Inizialmente denominata &#8220;War Aggressive&#8221; e poi &#8220;Pirate Legion&#8221;, questa unit\u00e0 \u00e8 annessa al battaglione &#8220;Revenge&#8221;, una formazione ucraina legata al partito ortodosso ultranazionalista &#8220;Order and Tradition&#8221;. Un vero e proprio &#8220;battaglione fascista&#8221;, secondo un francese che vi si \u00e8 unito.<\/p>\n<p style=\"text-align: justify\"><strong>I nuovi volti<\/strong><\/p>\n<p style=\"text-align: justify\">Il coinvolgimento di questi neonazisti francesi in Ucraina e della loro organizzazione locale ha creato una rete di potenziali reclute. Negli ultimi mesi, gli inviti a presentare candidature sono proliferati sui social media dei membri della &#8220;Legione Pirata&#8221;. Sulla carta, l&#8217;unit\u00e0 \u00e8 aggregata al GUR , l&#8217;intelligence militare ucraina. Questo permette loro di vantarsi di far parte delle &#8220;forze speciali&#8221; dell&#8217;esercito locale. In realt\u00e0, \u00e8 difficile saperne di pi\u00f9 sulla reale portata del loro dispiegamento. Secondo i soldati, svolgono principalmente missioni di &#8220;ricognizione&#8221;.<\/p>\n<p style=\"text-align: justify\">Tra questi nuovi individui reclutati al servizio della causa ucraina, alcuni sono ex soldati che hanno prestato servizio nell&#8217;esercito francese, come Ylian F. (1), che ha prestato servizio nel 2\u00b0 Reggimento Paracadutisti Stranieri (2\u00b0 REP ). Altri sono autoproclamati neonazisti come &#8220;Malo&#8221;, che mostra l&#8217;emblema delle SS sul suo elmetto.<\/p>\n<p style=\"text-align: justify\">Diversi individui hanno entrambi i nomi nei loro CV. \u00c8 il caso dell&#8217;uomo che si fa chiamare &#8220;Carlo Magno&#8221; (1), in riferimento al Re dei Franchi e Imperatore Carolingio, un nome gi\u00e0 utilizzato dall&#8217;unit\u00e0 Waffen-SS composta da volontari francesi durante la Seconda Guerra Mondiale. Avendo prestato servizio nel 13\u00b0 Battaglione Cacciatori Alpini, di stanza vicino a Chamb\u00e9ry, ha una svastica tatuata sul petto da quando \u00e8 arrivato in Ucraina nell&#8217;estate del 2025. Lo stesso vale per &#8220;Roque&#8221;, che ha prestato servizio nella Legione Straniera francese e indossa una svastica e le insegne delle SS sulla sua uniforme in Ucraina.<\/p>\n<p style=\"text-align: justify\">Interrogato in merito a questi casi, il Ministero delle Forze Armate ha rifiutato di commentare i singoli casi e ha semplicemente confermato che questi individui &#8220;non prestano pi\u00f9 servizio nell&#8217;esercito francese&#8221;.<\/p>\n<p style=\"text-align: justify\"><strong>Condannato un ex membro del GUD<\/strong><\/p>\n<p style=\"text-align: justify\">Un altro profilo identificato da StreetPress \u00e8 &#8220;Malo&#8221;. Si tratta di Gwendal Cohin-Pourajaud, condannato per la sua partecipazione alle violenze avvenute durante il comizio di \u00c9ric Zemmour nel dicembre 2021 a Villepinte (93). All&#8217;epoca diciottenne, aggred\u00ec e lanci\u00f2 sedie contro gli attivisti di SOS Racisme, venuti a denunciare la xenofobia di Zemmour, allora candidato alla presidenza. Durante la perquisizione della sua abitazione, gli investigatori trovarono una bandiera legata all&#8217;estrema destra ucraina. La sua camera da letto da adolescente era tappezzata di poster del Fronte Nazionale, del gruppo Generation Identity e dell&#8217;organizzazione p\u00e9tainista Les Nationalistes.<\/p>\n<p style=\"text-align: justify\">Durante l&#8217;interrogatorio, ha dichiarato di volersi arruolare nell&#8217;esercito francese e di aver persino fissato un appuntamento presso un centro di reclutamento. L&#8217;incriminazione ha sventato i suoi piani. Dopo aver fatto parte della banda degli Zuavi di Parigi e poi del GUD (Groupe Union D\u00e9fense) , si \u00e8 recato in Ucraina nell&#8217;estate del 2025, appositamente per unirsi alla &#8220;Legione Pirata&#8221;. Contattato da StreetPress, si \u00e8 dichiarato &#8220;orgoglioso di difendere gli interessi del popolo ucraino e di lottare contro il comunismo che dilaga in Oriente&#8221;.<\/p>\n<p style=\"text-align: justify\"><strong>La questione del ritorno<\/strong><\/p>\n<p style=\"text-align: justify\">Tutti questi profili sollevano in ultima analisi la questione di un possibile ritorno nella Francia metropolitana e della minaccia che potrebbero rappresentare l\u00ec, data la loro esperienza nell&#8217;uso delle armi e nel combattimento. Interpellato, il Ministero dell&#8217;Interno (2) ha confermato di prestare &#8220;particolare attenzione&#8221; a questi individui &#8220;che potrebbero [&#8230;] costituire una minaccia per la sicurezza interna&#8221;.<\/p>\n<p style=\"text-align: justify\">Gi\u00e0 nel marzo 2022, appena un mese dopo l&#8217;inizio dell&#8217;invasione russa su larga scala dell&#8217;Ucraina, Mediapart aveva rivelato le preoccupazioni delle autorit\u00e0 francesi e il loro timore di uno scenario simile a quello della guerra in Siria. All&#8217;epoca, i servizi segreti avevano gi\u00e0 identificato 150 cittadini francesi nel Paese, tra cui una trentina di individui legati all&#8217;estrema destra radicale \u2013 quella che i servizi chiamano &#8220;ultra-destra&#8221;. Nell&#8217;aprile 2023, due neonazisti francesi furono arrestati a Parigi al loro ritorno dal fronte ucraino, con in mano caricatori di fucili d&#8217;assalto e ottiche classificati come &#8220;armi da guerra&#8221;. Dopo una breve permanenza in prigione, entrambi tornarono in Ucraina e si ritiene che vi si trovino ancora oggi.<\/p>\n<p style=\"text-align: justify\">La relativa vicinanza tra Francia e Ucraina, cos\u00ec come la libert\u00e0 di movimento all&#8217;interno dell&#8217;area Schengen, consente ad alcuni di questi neonazisti francesi di viaggiare avanti e indietro. Kenneth \u00e8 tornato in Francia per alcuni mesi tra la fine del 2022 e l&#8217;inizio del 2023, per poi fare notizia in Polonia nel novembre 2024 e nel novembre 2025 per la &#8220;Marcia per l&#8217;Indipendenza&#8221;, un evento nazionalista sempre pi\u00f9 popolare tra l&#8217;estrema destra francese . Quanto a Gwendal Cohin-Pourajaud, StreetPress \u00e8 rimasta sorpresa nel vederlo a capo della sicurezza per una parata identitaria annuale a met\u00e0 gennaio nel cuore di Parigi .<\/p>\n<p style=\"text-align: justify\"><strong>Minacce alla sinistra francese<\/strong><\/p>\n<p style=\"text-align: justify\">Secondo i suoi post sui social media, Roque sarebbe anche tornato temporaneamente in Francia per ricaricarsi vicino a Tolone nel maggio 2025. Solo due mesi prima, dall&#8217;Ucraina, aveva pubblicato due storie su Instagram che mostravano i bersagli di cartone che usava per esercitarsi al tiro, sollevando interrogativi sui rischi di un potenziale ritorno in Francia. Uno dei bersagli riportava gli acronimi del Partito Comunista Francese, del Nuovo Fronte Popolare e di La France Insoumise (Francia Indomita). L&#8217;altro riportava il nome di Cl\u00e9ment M\u00e9ric, un attivista antifascista morto nel 2013 a Parigi dopo essere stato aggredito da un militante di estrema destra. Contattato da StreetPress, si \u00e8 rifiutato di rispondere alle nostre domande.<\/p>\n<p style=\"text-align: justify\">Queste immagini ricordano quelle rivelate alla fine del 2021 da StreetPress e Mediapart , che mostravano sostenitori di \u00c9ric Zemmour intenti a sparare a caricature razziste di ebrei, neri e musulmani, nonch\u00e9 di funzionari eletti dell&#8217;LFI e\/o del Presidente della Repubblica. E per una buona ragione: prima di andare a combattere in Ucraina, Roque stesso ha partecipato ai comizi di \u00c9ric Zemmour a Tolone (83) e al Trocad\u00e9ro nel marzo 2022.<\/p>\n<p style=\"text-align: justify\">La &#8220;Legione Pirata&#8221; non \u00e8 l&#8217;unico nucleo duro di neonazisti francesi in Ucraina. Sebbene pi\u00f9 discreto, un altro gruppo che si autodefinisce &#8220;Legione dei Volontari Francesi&#8221; ( LVF ) ha preso le armi l\u00ec. Questo nome riecheggia la &#8220;Legione contro il Bolscevismo&#8221;, creata durante la Seconda Guerra Mondiale dai partiti collaborazionisti per il Fronte Orientale. Nella sua incarnazione del XXI secolo, la LVF comprende ex soldati francesi che continuano a indossare uniformi mimetiche con i colori del loro ex datore di lavoro. Nell&#8217;estate del 2025, \u00e8 probabile che un membro del gruppo sia stato ucciso in combattimento con questa uniforme. Era conosciuto con lo pseudonimo di &#8220;Kapo&#8221;, il titolo dato agli uomini incaricati della sorveglianza dei prigionieri nei campi di concentramento nazisti.<\/p>\n<p style=\"text-align: justify\"><em>(1) Contattato, Ylian F. ha confermato di aver prestato servizio nel 2\u00b0 Reggimento Paracadutisti Stranieri (2e REP) e ha dichiarato di essersi arruolato nella &#8220;Legione Pirata&#8221; per la sua efficacia sul campo. Da parte sua, in risposta alle nostre domande, Charlemagne ci ha inviato una diatriba neonazista che si concludeva con un &#8220;Sieg Heil&#8221;. Riguardo al suo arruolamento nel 13\u00b0 Battaglione Cacciatori Alpini (13e BCA) , ha fatto riferimento a &#8220;informazioni errate&#8221;, nonostante la conferma del Ministero delle Forze Armate. Kenneth, da parte sua, si \u00e8 rifiutato di rispondere alle nostre domande.<\/em><\/p>\n<p style=\"text-align: justify\"><em>(2) Interrogato da StreetPress sul numero di cittadini francesi che si erano uniti al conflitto in Ucraina dopo l&#8217;invasione russa del 2022 e sulle loro motivazioni, il Ministero dell&#8217;Interno non ha fornito dati e ha affermato che &#8220;la maggior parte dei coinvolti si \u00e8 unita al conflitto per motivi personali. Pertanto, non si pu\u00f2 stabilire alcuna correlazione tra l&#8217;impegno ideologico, in particolare verso l&#8217;estrema destra, e l&#8217;arruolamento nelle forze armate di entrambe le parti&#8221;. Ha tuttavia menzionato che &#8220;un piccolo numero di individui si \u00e8 effettivamente recato nella regione per motivi ideologici, al fine di unirsi a unit\u00e0 note per essere gruppi di combattimento di ispirazione neonazista&#8221;.<\/em><\/p>\n<p style=\"text-align: justify\"><em>(Traduzione de l&#8217;AntiDiplomatico)<\/em><\/p>\n<p style=\"text-align: justify\"><strong>Fonte:\u00a0<a href=\"https:\/\/www.lantidiplomatico.it\/dettnews-in_ucraina_neonazisti_ed_ex_soldati_francesi_uniscono_le_forze_per_combattere_contro_la_russia\/45289_64865\/\">https:\/\/www.lantidiplomatico.it\/dettnews-in_ucraina_neonazisti_ed_ex_soldati_francesi_uniscono_le_forze_per_combattere_contro_la_russia\/45289_64865\/<\/a><\/strong><\/p>\n","protected":false},"excerpt":{"rendered":"<p>di L&#8217;ANTIDIPLOMATICO (S\u00e9bastien Bourdon) di\u00a0\u00a0S\u00e9bastien Bourdon\u00a0&#8211;\u00a0StreetPress Una ventina di uomini armati in uniforme posano attorno a un veicolo blindato.\u00a0La foto, pubblicata sull&#8217;account Instagram di un neonazista nel settembre 2025, mostra un gruppo di volontari francesi che combattono in Ucraina. Sebbene i loro volti siano sfocati, diverse persone la condividono, chiaramente orgogliose del loro impegno. Oltre alle emoji delle bandiere francese e ucraina, uno di loro commenta: &#8220;Einsatzgruppen&#8221;. Questo \u00e8 il nome dato dalla Germania nazista&#46;&#46;&#46;<\/p>\n","protected":false},"author":95,"featured_media":91597,"comment_status":"open","ping_status":"open","sticky":false,"template":"","format":"standard","meta":{"jetpack_post_was_ever_published":false,"_jetpack_newsletter_access":"","_jetpack_dont_email_post_to_subs":false,"_jetpack_newsletter_tier_id":0,"_jetpack_memberships_contains_paywalled_content":false,"_jetpack_memberships_contains_paid_content":false,"footnotes":"","jetpack_publicize_message":"","jetpack_publicize_feature_enabled":true,"jetpack_social_post_already_shared":true,"jetpack_social_options":{"image_generator_settings":{"template":"highway","enabled":false},"version":2}},"categories":[32],"tags":[],"jetpack_publicize_connections":[],"jetpack_featured_media_url":"https:\/\/appelloalpopolo.it\/wp-content\/uploads\/2025\/09\/Lantidiplomatico.jpg","jetpack_sharing_enabled":true,"jetpack_shortlink":"https:\/\/wp.me\/p7ZaJ4-olO","_links":{"self":[{"href":"https:\/\/appelloalpopolo.it\/index.php?rest_route=\/wp\/v2\/posts\/93608"}],"collection":[{"href":"https:\/\/appelloalpopolo.it\/index.php?rest_route=\/wp\/v2\/posts"}],"about":[{"href":"https:\/\/appelloalpopolo.it\/index.php?rest_route=\/wp\/v2\/types\/post"}],"author":[{"embeddable":true,"href":"https:\/\/appelloalpopolo.it\/index.php?rest_route=\/wp\/v2\/users\/95"}],"replies":[{"embeddable":true,"href":"https:\/\/appelloalpopolo.it\/index.php?rest_route=%2Fwp%2Fv2%2Fcomments&post=93608"}],"version-history":[{"count":1,"href":"https:\/\/appelloalpopolo.it\/index.php?rest_route=\/wp\/v2\/posts\/93608\/revisions"}],"predecessor-version":[{"id":93610,"href":"https:\/\/appelloalpopolo.it\/index.php?rest_route=\/wp\/v2\/posts\/93608\/revisions\/93610"}],"wp:featuredmedia":[{"embeddable":true,"href":"https:\/\/appelloalpopolo.it\/index.php?rest_route=\/wp\/v2\/media\/91597"}],"wp:attachment":[{"href":"https:\/\/appelloalpopolo.it\/index.php?rest_route=%2Fwp%2Fv2%2Fmedia&parent=93608"}],"wp:term":[{"taxonomy":"category","embeddable":true,"href":"https:\/\/appelloalpopolo.it\/index.php?rest_route=%2Fwp%2Fv2%2Fcategories&post=93608"},{"taxonomy":"post_tag","embeddable":true,"href":"https:\/\/appelloalpopolo.it\/index.php?rest_route=%2Fwp%2Fv2%2Ftags&post=93608"}],"curies":[{"name":"wp","href":"https:\/\/api.w.org\/{rel}","templated":true}]}}