{"id":94220,"date":"2026-03-05T08:00:23","date_gmt":"2026-03-05T07:00:23","guid":{"rendered":"https:\/\/appelloalpopolo.it\/?p=94220"},"modified":"2026-03-03T21:52:51","modified_gmt":"2026-03-03T20:52:51","slug":"israele-avanza-in-libano-la-francia-amplia-larsenale-nucleare-e-altre-notizie-interessanti","status":"publish","type":"post","link":"https:\/\/appelloalpopolo.it\/?p=94220","title":{"rendered":"Israele avanza in Libano, la Francia amplia l&#8217;arsenale nucleare e altre notizie interessanti"},"content":{"rendered":"<p><strong>di LIMES (Mirko Mussetti)<\/strong><\/p>\n<header class=\"story-header is-large\">\n<div class=\"story-header__container\">\n<div class=\"story-header__content\">\n<div class=\"story-header__tags\">\n<div class=\"tag-group\"><\/div>\n<\/div>\n<\/div>\n<figure class=\"story-header__media\"><img loading=\"lazy\" decoding=\"async\" src=\"https:\/\/www.gedistatic.it\/content\/gedi\/img\/limesonline\/2026\/03\/03\/124217665-757c2271-c95d-4b75-b603-39f759290961.jpg\" alt=\"&amp;Icirc;le Longue, 2 marzo 2026: il presidente della Francia Emmanuel Macron pronuncia un discorso davanti al sottomarino lanciamissili a propulsione nucleare Le Temeraire. Foto di Yoan Valat\/Pool\/Afp via Getty Images.\" width=\"1280\" height=\"853\" \/><figcaption>\u00cele Longue, 2 marzo 2026: il presidente della Francia Emmanuel Macron pronuncia un discorso davanti al sottomarino lanciamissili a propulsione nucleare Le Temeraire. Foto di Yoan Valat\/Pool\/Afp via Getty Images.\u00a0<\/figcaption><\/figure>\n<\/div>\n<\/header>\n<div class=\"story__bottom-wrapper\">\n<div class=\"story__main\">\n<div class=\"story__wrapper\">\n<div class=\"story__content\">\n<div class=\"story__text\">\n<h2><\/h2>\n<h2><strong>Medio Oriente<\/strong><\/h2>\n<p>Il segretario di Stato Marco Rubio\u00a0<a href=\"https:\/\/thehill.com\/homenews\/administration\/5764030-trump-administration-iran-strikes-israel\/?ref=focusamerica.it\" target=\"_blank\" rel=\"noopener\">ha riferito al Congresso<\/a>\u00a0degli Stati Uniti che\u00a0la decisione di attaccare l&#8217;Iran sarebbe maturata alla luce della determinazione di Israele di procedere &#8220;con o senza&#8221;\u00a0il supporto americano. L&#8217;amministrazione di Donald Trump avrebbe quindi ritenuto opportuno intervenire direttamente per contenere l&#8217;inevitabile ritorsione della Repubblica Islamica nella regione. Subito dopo, Il\u00a0<em>tycoon<\/em>\u00a0ha ribadito che l\u2019obiettivo di Washington resta neutralizzare la capacit\u00e0 missilistica e nucleare del regime degli ayatollah senza per\u00f2\u00a0fare cenno a un cambio di regime. The Donald ha fatto poi sfoggio di intransigente sicumera: &#8220;Rimarremo tutto il tempo che serve, non \u00e8 un problema&#8221;. La Casa Bianca ha tuttavia evitato di qualificare formalmente la situazione come stato di guerra, definizione questa che richiederebbe un passaggio obbligatorio\u00a0al Congresso con potenziali esiti sfavorevoli vista\u00a0l&#8217;avversione\u00a0dell&#8217;opinione pubblica americana verso una nuova guerra d&#8217;oltreoceano. N\u00e9 Rubio n\u00e9 Trump hanno escluso l\u2019invio sul campo di forze di battaglia a stelle e strisce.<\/p>\n<p>Nel frattempo, le Forze armate di Israele (Tzahal, Idf) hanno riaperto un nuovo fronte in Libano con l&#8217;<a href=\"https:\/\/www.timesofisrael.com\/idf-strike-kills-hezbollah-intel-chief-lebanon-to-ban-terror-groups-military-activity\/\" target=\"_blank\" rel=\"noopener\">uccisione\u00a0a Beirut<\/a>\u00a0del presunto capo dell&#8217;intelligence di Hezbollah Hussein Makled. Subito dopo l&#8217;ondata di raid aerei, Tzahal ha schierato truppe in assetto &#8220;<a href=\"https:\/\/www.reuters.com\/world\/middle-east\/israeli-military-deploys-additional-forces-southern-lebanon-2026-03-03\/\" target=\"_blank\" rel=\"noopener noreferrer\">difensivo<\/a>&#8221; a ridosso della Linea Blu. Nelle ore successive per\u00f2 il ministro della Difesa Israel Katz ha autorizzato le Idf ad avanzare nel paese dei cedri. Le forze israeliane hanno quindi dato il via a un&#8217;incursione terrestre per prendere il controllo di nuovi punti strategici, oltre alle cinque postazioni installate dal novembre 2024. Lo Stato ebraico dichiara di aver colpito circa 70 depositi di armi e siti di lancio del Partito di Dio nel Sud del Libano. Il primo ministro libanese Nawaf Salam ha chiesto al gruppo paramilitare di consegnare le armi, vedendosi rifiutare la proposta.<\/p>\n<p>Per approfondire:\u00a0<a href=\"https:\/\/www.limesonline.com\/articoli\/obiettivi-e-logistica-guerra-preventiva-usa-israele-contro-iran-portaerei-missili-cambio-di-regime-21329896\/\" target=\"_blank\" rel=\"noopener\"><em>Logistica e obiettivi della guerra all&#8217;Iran<\/em><\/a><\/p>\n<p>&nbsp;<\/p>\n<div class=\"inline-embed\"><div class=\"video-container\"><span class=\"embed-youtube\" style=\"text-align:center; display: block;\"><iframe loading=\"lazy\" class=\"youtube-player\" width=\"640\" height=\"360\" src=\"https:\/\/www.youtube.com\/embed\/uO_NXShO1sQ?version=3&#038;rel=1&#038;showsearch=0&#038;showinfo=1&#038;iv_load_policy=1&#038;fs=1&#038;hl=it-IT&#038;autohide=2&#038;wmode=transparent\" allowfullscreen=\"true\" style=\"border:0;\" sandbox=\"allow-scripts allow-same-origin allow-popups allow-presentation allow-popups-to-escape-sandbox\"><\/iframe><\/span><\/div><\/div>\n<p>&nbsp;<\/p>\n<h2><strong>Francia nucleare<\/strong><\/h2>\n<p>Il presidente della Francia Emmanuel Macron ha annunciato il pi\u00f9 importante\u00a0<a href=\"https:\/\/www.politico.eu\/article\/macron-announces-increase-in-number-of-frances-nuclear-warheads\/\" target=\"_blank\" rel=\"noopener\">aggiornamento della dottrina nucleare<\/a>\u00a0transalpina dalla fine della guerra fredda. In un discorso pronunciato dalla base militare dell&#8217;\u00cele Longue nella rada di Brest (Bretagna) con il sottomarino lanciamissili balistici\u00a0<em>Le T\u00e9m\u00e9raire<\/em>\u00a0alle spalle, il capo dell&#8217;Eliseo ha reso noto\u00a0che l\u2019arsenale nucleare sar\u00e0 ampliato per offrire garanzie di sicurezza agli altri paesi europei nel &#8220;prossimo mezzo secolo&#8221;, senza per\u00f2 fornire un numero di nuovi ordigni. Macron ha tenuto a precisare che la nuova\u00a0<em>force de frappe<\/em>\u00a0non mira a sostituire n\u00e9 la Nato e n\u00e9 l\u2019ombrello nucleare degli Stati Uniti nel Vecchio Continente, bens\u00ec punta ad affiancare e rafforzare le strutture politico-militari esistenti in chiave europea. La Francia dispone oggi di circa 300 testate atomiche impiegabili tramite dispositivi sottomarini\u00a0e aerei,\u00a0quindi non mediante una &#8220;triade nucleare&#8221; completa. Nelle intenzioni di Parigi, programmi congiunti prenderanno il via gi\u00e0 nel 2026 con Germania, Polonia, Paesi Bassi, Belgio, Grecia, Svezia e Danimarca grazie a esercitazioni congiunte in localit\u00e0 strategiche e al dispiegamento temporaneo di caccia multiruolo a capacit\u00e0 nucleare Dassault Rafale.<\/p>\n<p>Per approfondire:\u00a0<a href=\"https:\/\/www.limesonline.com\/rivista\/con-de-gaulle-oltre-de-gaulle-l-atomica-francese-nel-mondo-post-americano-20002343\/\" target=\"_blank\" rel=\"noopener\"><em>Con De Gaulle, oltre De Gaulle: l&#8217;atomica francese nel mondo post-americano<\/em><\/a><\/p>\n<p>&nbsp;<\/p>\n<h2><strong>Intelligenza artificiale<\/strong><\/h2>\n<p>Il cofondatore di OpenAi Sam Altman ha ammesso che l\u2019accordo siglato dall&#8217;azienda di San Francisco con il Dipartimento della Guerra per l\u2019utilizzo dei propri modelli di intelligenza artificiale (Ai) nelle reti secretate\u00a0\u00e8 stato gestito in modo &#8220;<a href=\"https:\/\/www.bloomberg.com\/news\/articles\/2026-03-03\/openai-ceo-says-pentagon-deal-looked-opportunistic-and-sloppy?ref=focusamerica.it\" target=\"_blank\" rel=\"noopener\">opportunistico e frettoloso<\/a>&#8220;. Il tecnovassallo ha precisato che l\u2019intesa con il Pentagono verr\u00e0 integrata con clausole esplicite per escludere l\u2019uso dell&#8217;Ai per la sorveglianza domestica dei cittadini americani e limitare l\u2019accesso ai dati da parte della National security agency. OpenAi ha preso le distanze dalla decisione del dipartimento guidato da Pete Hegseth di escludere la\u00a0<em>benefit corporation<\/em>\u00a0Anthropic, ribadendo la necessit\u00e0 di principi chiari sull&#8217;impiego\u00a0militare dell&#8217;intelligenza artificiale. Nonostante l&#8217;accresciuta competizione commerciale con l&#8217;azienda emergente di Dario Amodei, Altman si \u00e8 mostrato intellettualmente onesto: &#8220;Ci sono molte cose per cui la tecnologia non \u00e8 ancora pronta&#8221;.<\/p>\n<p>Per approfondire:\u00a0<a href=\"https:\/\/www.limesonline.com\/rivista\/tecnovassalli-elite-tecnologica-sogno-americano-scontro-usa-cina-musk-google-19145675\/\" target=\"_blank\" rel=\"noopener\"><em>Il piano dei tecnovassalli, ultimi mistici dell&#8217;Occidente<\/em><\/a><\/p>\n<p>&nbsp;<\/p>\n<figure class=\"inline-photo\"><img loading=\"lazy\" decoding=\"async\" class=\" lazyloaded\" src=\"https:\/\/www.gedistatic.it\/content\/gedi\/img\/limesonline\/2026\/03\/03\/110416598-e1d982f1-1e85-4075-902b-2c01144b85c5.jpg\" alt=\"media_alt\" width=\"700\" height=\"1050\" data-src=\"https:\/\/www.gedistatic.it\/content\/gedi\/img\/limesonline\/2026\/03\/03\/110416598-e1d982f1-1e85-4075-902b-2c01144b85c5.jpg\" \/><\/figure>\n<figure class=\"inline-photo\"><img loading=\"lazy\" decoding=\"async\" class=\" lazyloaded\" src=\"https:\/\/www.gedistatic.it\/content\/gedi\/img\/limesonline\/2026\/03\/03\/110431137-cde0376e-3e5d-43b6-9ee2-90a8a1cfce25.jpg\" alt=\"Infografica del 2025\" width=\"700\" height=\"1050\" data-src=\"https:\/\/www.gedistatic.it\/content\/gedi\/img\/limesonline\/2026\/03\/03\/110431137-cde0376e-3e5d-43b6-9ee2-90a8a1cfce25.jpg\" \/><figcaption>Infografica del 2025\u00a0<\/figcaption><\/figure>\n<h2><\/h2>\n<h2><strong>Cina<\/strong><\/h2>\n<p>La Conferenza politica consultiva del popolo cinese (Cppcc)\u00a0<a href=\"https:\/\/www.scmp.com\/news\/china\/military\/article\/3345215\/generals-stripped-cppcc-roles-chinas-corruption-clean-continues?module=top_story&amp;pgtype=homepage\" target=\"_blank\" rel=\"noopener\">ha rimosso tre generali<\/a>\u00a0in congedo \u2013 Han Weiguo, Gao Jin,\u00a0Liu Lei \u2013 a pochi giorni dall\u2019apertura delle &#8220;due sessioni&#8221; della Repubblica Popolare Cinese,\u00a0ovvero delle\u00a0sedute plenarie dell\u2019Assemblea nazionale del popolo (organo legislativo) e della Cppcc (consulta interpartitica). La decisione segue l\u2019espulsione della scorsa settimana di nove ufficiali militari dall\u2019Assemblea e\u00a0colpisce i vertici dell\u2019Esercito popolare di liberazione. La lotta contro la corruzione nelle Forze armate, fortemente voluta dal presidente Xi Jinping per consolidare il proprio potere interno, si intensifica e prosegue senza soluzione di continuit\u00e0.<\/p>\n<p>Per approfondire:\u00a0<a href=\"https:\/\/www.limesonline.com\/articoli\/perche-xi-ha-decapitato-le-forze-armate-21050169\/\" target=\"_blank\" rel=\"noopener\"><em>Perch\u00e9 Xi ha decapitato le Forze armate<\/em><\/a><\/p>\n<p>&nbsp;<\/p>\n<figure class=\"inline-photo\"><img loading=\"lazy\" decoding=\"async\" class=\" lazyloaded\" src=\"https:\/\/www.gedistatic.it\/content\/gedi\/img\/limesonline\/2026\/03\/03\/102951858-88fe2e96-0575-4ceb-8c57-1032c389c849.jpg\" alt=\"Infografica del 2023\" width=\"1280\" height=\"853\" data-src=\"https:\/\/www.gedistatic.it\/content\/gedi\/img\/limesonline\/2026\/03\/03\/102951858-88fe2e96-0575-4ceb-8c57-1032c389c849.jpg\" \/><figcaption>Infografica del 2023\u00a0<\/figcaption><\/figure>\n<h2><\/h2>\n<h2><strong>India &#8211; Canada<\/strong><\/h2>\n<p>Il primo ministro dell&#8217;India Narendra Modi\u00a0<a href=\"https:\/\/apnews.com\/article\/india-canada-trade-modi-carney-632cf32892560ab18a72e67f39df6c15\" target=\"_blank\" rel=\"noopener\">ha ricevuto a Delhi<\/a>\u00a0l&#8217;omologo del Canada Mark Carney, annunciando un\u00a0<em>reset<\/em>\u00a0(ripristino da zero) dei rapporti bilaterali\u00a0dopo anni di crisi diplomatica. Le accuse\u00a0canadesi di presunti omicidi\u00a0commissionati dall&#8217;intelligence indiana nel paese degli aceri vengono pragmaticamente accantonate per lasciar spazio alla cooperazione economica\u00a0dal respiro globale. Delhi e Ottawa vogliono siglare &#8220;entro la fine dell\u2019anno&#8221; un&#8217;intesa\u00a0per portare l\u2019interscambio commerciale a 50 miliardi di dollari entro il 2030. Modi si \u00e8 inoltre assicurato una fornitura decennale di uranio canadese, tassello dirimente per portare la capacit\u00e0 nucleare indiana a 100 gigawatt entro met\u00e0 secolo (oggi circa 8 gigawatt). I due leader hanno infine firmato un memorandum su minerali critici, energia rinnovabile, difesa e tecnologia.<\/p>\n<p>Per approfondire:\u00a0<a href=\"https:\/\/www.limesonline.com\/rubriche\/desh\/le-accuse-di-trudeau-contro-l-india-isolano-il-canada-14733664\/\" target=\"_blank\" rel=\"noopener\"><em>Le accuse di Trudeau contro l&#8217;India isolano il Canada<\/em><\/a><\/p>\n<hr \/>\n<p>&nbsp;<\/p>\n<div class=\"inline-embed\"><div class=\"video-container\"><span class=\"embed-youtube\" style=\"text-align:center; display: block;\"><iframe loading=\"lazy\" class=\"youtube-player\" width=\"640\" height=\"360\" src=\"https:\/\/www.youtube.com\/embed\/VOWLtAqaKh8?version=3&#038;rel=1&#038;showsearch=0&#038;showinfo=1&#038;iv_load_policy=1&#038;fs=1&#038;hl=it-IT&#038;autohide=2&#038;wmode=transparent\" allowfullscreen=\"true\" style=\"border:0;\" sandbox=\"allow-scripts allow-same-origin allow-popups allow-presentation allow-popups-to-escape-sandbox\"><\/iframe><\/span><\/div><\/div>\n<\/div>\n<\/div>\n<\/div>\n<\/div>\n<\/div>\n<p><strong>FONTE:\u00a0<a href=\"https:\/\/www.limesonline.com\/rubriche\/il-mondo-oggi\/iran-usa-israele-libano-hezbollah-francia-macron-nucleare-openai-anthropic-cina-india-canada-21338735\/?ref=LHTP-BH-I21308926-P1-S3-T1\">https:\/\/www.limesonline.com\/rubriche\/il-mondo-oggi\/iran-usa-israele-libano-hezbollah-francia-macron-nucleare-openai-anthropic-cina-india-canada-21338735\/?ref=LHTP-BH-I21308926-P1-S3-T1<\/a><\/strong><\/p>\n","protected":false},"excerpt":{"rendered":"<p>di LIMES (Mirko Mussetti) \u00cele Longue, 2 marzo 2026: il presidente della Francia Emmanuel Macron pronuncia un discorso davanti al sottomarino lanciamissili a propulsione nucleare Le Temeraire. Foto di Yoan Valat\/Pool\/Afp via Getty Images.\u00a0 Medio Oriente Il segretario di Stato Marco Rubio\u00a0ha riferito al Congresso\u00a0degli Stati Uniti che\u00a0la decisione di attaccare l&#8217;Iran sarebbe maturata alla luce della determinazione di Israele di procedere &#8220;con o senza&#8221;\u00a0il supporto americano. L&#8217;amministrazione di Donald Trump avrebbe quindi ritenuto opportuno&#46;&#46;&#46;<\/p>\n","protected":false},"author":112,"featured_media":90005,"comment_status":"open","ping_status":"open","sticky":false,"template":"","format":"standard","meta":{"jetpack_post_was_ever_published":false,"_jetpack_newsletter_access":"","_jetpack_dont_email_post_to_subs":false,"_jetpack_newsletter_tier_id":0,"_jetpack_memberships_contains_paywalled_content":false,"_jetpack_memberships_contains_paid_content":false,"footnotes":"","jetpack_publicize_message":"","jetpack_publicize_feature_enabled":true,"jetpack_social_post_already_shared":true,"jetpack_social_options":{"image_generator_settings":{"template":"highway","enabled":false},"version":2}},"categories":[32],"tags":[],"jetpack_publicize_connections":[],"jetpack_featured_media_url":"https:\/\/appelloalpopolo.it\/wp-content\/uploads\/2025\/05\/IMG_0522.jpeg","jetpack_sharing_enabled":true,"jetpack_shortlink":"https:\/\/wp.me\/p7ZaJ4-ovG","_links":{"self":[{"href":"https:\/\/appelloalpopolo.it\/index.php?rest_route=\/wp\/v2\/posts\/94220"}],"collection":[{"href":"https:\/\/appelloalpopolo.it\/index.php?rest_route=\/wp\/v2\/posts"}],"about":[{"href":"https:\/\/appelloalpopolo.it\/index.php?rest_route=\/wp\/v2\/types\/post"}],"author":[{"embeddable":true,"href":"https:\/\/appelloalpopolo.it\/index.php?rest_route=\/wp\/v2\/users\/112"}],"replies":[{"embeddable":true,"href":"https:\/\/appelloalpopolo.it\/index.php?rest_route=%2Fwp%2Fv2%2Fcomments&post=94220"}],"version-history":[{"count":3,"href":"https:\/\/appelloalpopolo.it\/index.php?rest_route=\/wp\/v2\/posts\/94220\/revisions"}],"predecessor-version":[{"id":94225,"href":"https:\/\/appelloalpopolo.it\/index.php?rest_route=\/wp\/v2\/posts\/94220\/revisions\/94225"}],"wp:featuredmedia":[{"embeddable":true,"href":"https:\/\/appelloalpopolo.it\/index.php?rest_route=\/wp\/v2\/media\/90005"}],"wp:attachment":[{"href":"https:\/\/appelloalpopolo.it\/index.php?rest_route=%2Fwp%2Fv2%2Fmedia&parent=94220"}],"wp:term":[{"taxonomy":"category","embeddable":true,"href":"https:\/\/appelloalpopolo.it\/index.php?rest_route=%2Fwp%2Fv2%2Fcategories&post=94220"},{"taxonomy":"post_tag","embeddable":true,"href":"https:\/\/appelloalpopolo.it\/index.php?rest_route=%2Fwp%2Fv2%2Ftags&post=94220"}],"curies":[{"name":"wp","href":"https:\/\/api.w.org\/{rel}","templated":true}]}}