{"id":94372,"date":"2026-03-16T08:30:38","date_gmt":"2026-03-16T07:30:38","guid":{"rendered":"https:\/\/appelloalpopolo.it\/?p=94372"},"modified":"2026-03-16T09:56:43","modified_gmt":"2026-03-16T08:56:43","slug":"conflitto-in-iran-i-rincari-toccano-anche-il-cibo","status":"publish","type":"post","link":"https:\/\/appelloalpopolo.it\/?p=94372","title":{"rendered":"Conflitto in Iran, i rincari toccano anche il cibo"},"content":{"rendered":"<p><strong>di ILCAFF\u00c8GEOPOLITICO (Andrea Martire)<\/strong><\/p>\n<p><img loading=\"lazy\" decoding=\"async\" class=\"alignnone size-medium wp-image-94392\" src=\"https:\/\/appelloalpopolo.it\/wp-content\/uploads\/2026\/03\/images-6-300x200.jpeg\" alt=\"\" width=\"300\" height=\"200\" srcset=\"https:\/\/appelloalpopolo.it\/wp-content\/uploads\/2026\/03\/images-6-300x200.jpeg 300w, https:\/\/appelloalpopolo.it\/wp-content\/uploads\/2026\/03\/images-6.jpeg 678w\" sizes=\"(max-width: 300px) 100vw, 300px\" \/><\/p>\n<div id=\"tdi_97\" class=\"tdc-row stretch_row_1200 td-stretch-content\">\n<div class=\"vc_row tdi_98 wpb_row td-pb-row\">\n<div class=\"vc_column tdi_100 wpb_column vc_column_container tdc-column td-pb-span8\">\n<div class=\"wpb_wrapper\">\n<div class=\"td_block_wrap tdb_single_content tdi_102 td-pb-border-top td_block_template_1 td-post-content tagdiv-type\" data-td-block-uid=\"tdi_102\">\n<div class=\"tdb-block-inner td-fix-index\">\n<p><strong>In 3 Sorsi<\/strong>\u00a0\u2013\u00a0<em>Il conflitto tra Iran, USA e Israele sta colpendo non solo energia e trasporti, ma anche il mercato globale dei fertilizzanti. L\u2019effetto pu\u00f2 arrivare fino ai campi e, nei prossimi mesi, tradursi in nuovi rincari per i prodotti alimentari.<\/em><\/p>\n<h2 id=\"1-il-golfo-sotto-tensione-dai-carburanti-ai-fertilizzanti\" class=\"wp-block-heading\"><strong>1. Il Golfo sotto tensione, dai carburanti ai fertilizzanti\u00a0<\/strong><\/h2>\n<p><strong>La crisi nel Golfo Persico sta facendo salire anche il costo dei fertilizzanti, snodo essenziale per l\u2019agricoltura mondiale<\/strong>. Per via del conflitto, gas e petrolio hanno visto impennarsi i prezzi, ma anche il mercato dei fertilizzanti registra una consistente crescita dei costi, con un possibile effetto a catena sull\u2019agricoltura e sul prezzo del cibo.<br \/>\nIl punto chiave \u00e8 che i fertilizzanti azotati dipendono dal\u00a0<strong>gas naturale<\/strong>, usato nei processi industriali, e il Golfo \u00e8 una regione centrale per la loro produzione. Paesi come\u00a0<strong>Qatar e Iran<\/strong>\u00a0rappresentano circa il\u00a0<strong>45% della produzione mondiale di urea<\/strong>, uno dei fertilizzanti pi\u00f9 utilizzati. A questo si aggiunge il minore accesso ai prodotti russi, spesso pi\u00f9 economici e geograficamente pi\u00f9 vicini ad alcuni mercati di consumo. Il risultato \u00e8 un mercato pi\u00f9 esposto agli shock geopolitici.<\/p>\n<div class=\"getty aligncenter\">\n<div class=\"getty embed image\">\n<div><\/div>\n<\/div>\n<\/div>\n<h2 id=\"2-vola-il-prezzo-dell-urea-e-pesa-il-nodo-di-hormuz\" class=\"wp-block-heading\"><strong>2. Vola il prezzo dell&#8217;urea e pesa il nodo di Hormuz<\/strong><\/h2>\n<p>Le quotazioni dell\u2019urea sono\u00a0<strong>aumentate di circa il 30%, sfiorando i 600 dollari a tonnellata<\/strong>\u00a0sui principali mercati delle materie prime. L\u2019impennata \u00e8 legata alle tensioni nell\u2019area del Golfo Persico e al rischio crescente per i traffici marittimi. Lo\u00a0<strong>Stretto di Hormuz<\/strong>, passaggio che collega il Golfo ai mercati globali, \u00e8 un punto critico: da qui transitano circa\u00a0<strong>un terzo dell\u2019urea mondiale<\/strong>, quasi\u00a0<strong>la met\u00e0 dei fertilizzanti azotati<\/strong>\u00a0e quote rilevanti di\u00a0<strong>fosfato di ammonio<\/strong>. Anche senza un blocco totale, l\u2019instabilit\u00e0 militare basta a far salire i\u00a0<strong>costi di trasporto<\/strong>, i\u00a0<strong>premi assicurativi<\/strong>\u00a0e i\u00a0<strong>tempi di consegna<\/strong>.<br \/>\nNon riguarda solo l\u2019urea. Anche altri fertilizzanti azotati, come il\u00a0<strong>nitrato di ammonio<\/strong>, stanno registrando rincari importanti. Quando la produzione di gas rallenta o il commercio marittimo si inceppa, l\u2019impatto sui prezzi diventa quasi immediato.<\/p>\n<div class=\"getty aligncenter\">\n<div class=\"getty embed image\">\n<div><\/div>\n<\/div>\n<\/div>\n<h2 id=\"3-agricoltura-sotto-pressione-rischio-rincari-sul-cibo\" class=\"wp-block-heading\"><strong>3. Agricoltura sotto pressione, rischio rincari sul cibo<\/strong><\/h2>\n<p>L\u2019aumento dei fertilizzanti arriva in un momento delicato per l\u2019agricoltura e pu\u00f2 tradursi in\u00a0<strong>raccolti pi\u00f9 deboli e prezzi alimentari pi\u00f9 alti.<\/strong>\u00a0Nell\u2019emisfero nord si avvicina infatti la fase delle\u00a0<strong>semine primaverili<\/strong>, e secondo gli operatori del settore i prezzi dei prodotti destinati alle semine estive potrebbero crescere ancora tra il\u00a0<strong>20% e il 30%<\/strong>\u00a0nelle prossime settimane. Per gli agricoltori significa affrontare nuovi costi in una fase gi\u00e0 segnata dai rincari di\u00a0<strong>gasolio<\/strong>,\u00a0<strong>benzina<\/strong>, trasporti e dalla maggiore volatilit\u00e0 dei mercati agricoli. In questo quadro, una delle conseguenze pi\u00f9 probabili \u00e8 la\u00a0<strong>riduzione dell\u2019uso dei fertilizzanti<\/strong>: quando i prezzi salgono troppo, parte degli agricoltori tende a limitarne l\u2019impiego.<br \/>\nMa usare meno fertilizzanti significa, in molti casi,\u00a0<strong>rese agricole pi\u00f9 basse<\/strong>\u00a0e raccolti meno abbondanti. Se il fenomeno si diffondesse su larga scala, la produzione mondiale di cereali e di altri prodotti agricoli potrebbe risentirne gi\u00e0 nella prossima stagione. Il rischio \u00e8 particolarmente serio per i Paesi pi\u00f9 fragili, pi\u00f9 esposti agli shock dei prezzi e ai problemi di approvvigionamento, ma l\u2019aumento dei prezzi rischia anche di alimentare dinamiche inflattive in Europa.<\/p>\n<\/div>\n<\/div>\n<\/div>\n<\/div>\n<\/div>\n<\/div>\n<p>&nbsp;<\/p>\n<p><strong>FONTE:<\/strong>\u00a0<a href=\"https:\/\/ilcaffegeopolitico.net\/1004445\/conflitto-in-iran-i-rincari-toccano-anche-il-cibo\">https:\/\/ilcaffegeopolitico.net\/1004445\/conflitto-in-iran-i-rincari-toccano-anche-il-cibo<\/a><\/p>\n","protected":false},"excerpt":{"rendered":"<p>di ILCAFF\u00c8GEOPOLITICO (Andrea Martire) In 3 Sorsi\u00a0\u2013\u00a0Il conflitto tra Iran, USA e Israele sta colpendo non solo energia e trasporti, ma anche il mercato globale dei fertilizzanti. L\u2019effetto pu\u00f2 arrivare fino ai campi e, nei prossimi mesi, tradursi in nuovi rincari per i prodotti alimentari. 1. Il Golfo sotto tensione, dai carburanti ai fertilizzanti\u00a0 La crisi nel Golfo Persico sta facendo salire anche il costo dei fertilizzanti, snodo essenziale per l\u2019agricoltura mondiale. Per via del&#46;&#46;&#46;<\/p>\n","protected":false},"author":99,"featured_media":85570,"comment_status":"open","ping_status":"open","sticky":false,"template":"","format":"standard","meta":{"jetpack_post_was_ever_published":false,"_jetpack_newsletter_access":"","_jetpack_dont_email_post_to_subs":false,"_jetpack_newsletter_tier_id":0,"_jetpack_memberships_contains_paywalled_content":false,"_jetpack_memberships_contains_paid_content":false,"footnotes":"","jetpack_publicize_message":"","jetpack_publicize_feature_enabled":true,"jetpack_social_post_already_shared":true,"jetpack_social_options":{"image_generator_settings":{"template":"highway","enabled":false},"version":2}},"categories":[32],"tags":[],"jetpack_publicize_connections":[],"jetpack_featured_media_url":"https:\/\/appelloalpopolo.it\/wp-content\/uploads\/2024\/05\/logo_verticale_positivo_RGB-150x150-1.webp","jetpack_sharing_enabled":true,"jetpack_shortlink":"https:\/\/wp.me\/p7ZaJ4-oy8","_links":{"self":[{"href":"https:\/\/appelloalpopolo.it\/index.php?rest_route=\/wp\/v2\/posts\/94372"}],"collection":[{"href":"https:\/\/appelloalpopolo.it\/index.php?rest_route=\/wp\/v2\/posts"}],"about":[{"href":"https:\/\/appelloalpopolo.it\/index.php?rest_route=\/wp\/v2\/types\/post"}],"author":[{"embeddable":true,"href":"https:\/\/appelloalpopolo.it\/index.php?rest_route=\/wp\/v2\/users\/99"}],"replies":[{"embeddable":true,"href":"https:\/\/appelloalpopolo.it\/index.php?rest_route=%2Fwp%2Fv2%2Fcomments&post=94372"}],"version-history":[{"count":3,"href":"https:\/\/appelloalpopolo.it\/index.php?rest_route=\/wp\/v2\/posts\/94372\/revisions"}],"predecessor-version":[{"id":94394,"href":"https:\/\/appelloalpopolo.it\/index.php?rest_route=\/wp\/v2\/posts\/94372\/revisions\/94394"}],"wp:featuredmedia":[{"embeddable":true,"href":"https:\/\/appelloalpopolo.it\/index.php?rest_route=\/wp\/v2\/media\/85570"}],"wp:attachment":[{"href":"https:\/\/appelloalpopolo.it\/index.php?rest_route=%2Fwp%2Fv2%2Fmedia&parent=94372"}],"wp:term":[{"taxonomy":"category","embeddable":true,"href":"https:\/\/appelloalpopolo.it\/index.php?rest_route=%2Fwp%2Fv2%2Fcategories&post=94372"},{"taxonomy":"post_tag","embeddable":true,"href":"https:\/\/appelloalpopolo.it\/index.php?rest_route=%2Fwp%2Fv2%2Ftags&post=94372"}],"curies":[{"name":"wp","href":"https:\/\/api.w.org\/{rel}","templated":true}]}}