{"id":94403,"date":"2026-03-17T08:52:12","date_gmt":"2026-03-17T07:52:12","guid":{"rendered":"https:\/\/appelloalpopolo.it\/?p=94403"},"modified":"2026-03-16T15:57:01","modified_gmt":"2026-03-16T14:57:01","slug":"le-giravolte-mediatiche-di-usa-e-israele-sulliran","status":"publish","type":"post","link":"https:\/\/appelloalpopolo.it\/?p=94403","title":{"rendered":"Le giravolte mediatiche di Usa e Israele sull\u2019Iran"},"content":{"rendered":"<p style=\"text-align: justify\"><strong>di STARTMAG (Riccardo Pennisi)<\/strong><\/p>\n<div id=\"post-media\" class=\"single-blog-media single-media wpex-relative wpex-mb-20 wpex-md-mb-30 wpex-w-100 wpex-shrink-0\" style=\"text-align: justify\"><img loading=\"lazy\" decoding=\"async\" class=\"blog-single-media-img wpex-align-middle entered lazyloaded\" src=\"https:\/\/www.startmag.it\/wp-content\/uploads\/Mojtaba_Khamenei_and_his_children_in_22_Bahman_1395-e1772619124881-928x550.jpg\" alt=\"iran\" width=\"928\" height=\"550\" data-lazy-src=\"https:\/\/www.startmag.it\/wp-content\/uploads\/Mojtaba_Khamenei_and_his_children_in_22_Bahman_1395-e1772619124881-928x550.jpg\" data-ll-status=\"loaded\" \/><\/div>\n<div id=\"primary\" class=\"content-area wpex-clr\" style=\"text-align: justify\">\n<div id=\"content\" class=\"site-content wpex-clr\">\n<div class=\"custom-singular-template entry wpex-clr\">\n<div class=\"vc_row wpb_row vc_row-fluid wpex-relative\">\n<div class=\"wpb_column vc_column_container vc_col-sm-3 visible-desktop\">\n<div class=\"vc_column-inner\">\n<div class=\"wpb_wrapper\">\n<p>&nbsp;<\/p>\n<\/div>\n<\/div>\n<\/div>\n<div class=\"wpb_column colonna-centrale-articolo vc_column_container vc_col-sm-9 wpex-vc_col-has-fill\">\n<div class=\"vc_column-inner vc_custom_1685020692058\">\n<div class=\"wpb_wrapper\">\n<div class=\"vcex-post-content\">\n<p>Avrete notato l\u2019offensiva comunicativa di Trump e Netanyahu. Ieri hanno alzato parecchio il volume delle loro dichiarazioni. Attenzione: questo non \u00e8 un buon segno per loro. Accade invece quando le cose non vanno nella direzione auspicata.<\/p>\n<p><em>(\u00c8 un po\u2019 lo stesso motivo per cui il governo e la premier attaccano i giudici ormai anche se cambia il tempo \u2013 piove, magistratura ladra! \u2013 Sanno che la loro narrazione sulla riforma della giustizia sta naufragando)<\/em><\/p>\n<p>Anche la narrazione di USA e Israele sulla guerra che hanno scatenato, sta naufragando.<\/p>\n<p>1. \u201cFaremo cadere il regime\u201d. Ieri l\u2019intelligence di entrambi ha ammesso che non accadr\u00e0.<\/p>\n<p>2. \u201cAiuteremo gli iraniani a ribellarsi\u201d. L\u2019uccisione di Khamenei, reso un martire della religione e anche della geopolitica, ha gi\u00e0 spinto centinaia di migliaia di persone, nel mondo sciita, a prendere posizione contro l\u2019Occidente. E la polizia del regime \u00e8 sempre l\u00ec.<\/p>\n<p>3. \u201cL\u2019Iran non avr\u00e0 la forza per reagire\u201d. \u00c8 stata bloccata la pi\u00f9 grande rotta globale degli idrocarburi, chiuso il secondo aeroporto pi\u00f9 grande del mondo, toccate le basi americane (!) nel Golfo.<\/p>\n<p>4. \u201c\u00c8 una guerra contro il terrorismo\u201d. Sono gi\u00e0 duemila le vittime civili tra Iran (1300 ca.) e Libano (700). E poi 15 in Israele, 26 in Iraq, 16 nel Golfo.<\/p>\n<p>5. \u201cNon ci saranno ripercussioni globali\u201d. Sono state sospese le sanzioni americane al petrolio della Russia, immesse nel mercato le pi\u00f9 grandi riserve di petrolio della storia, chiuso il pi\u00f9 grande impianto di liquefazione gas al mondo. E scordatevi i titoloni sui problemi di bilancio di Gazprom\u2026<\/p>\n<p>6. \u201cDiminuiremo il potere dell\u2019Iran\u201d. Tutti i Paesi della regione ora sanno che l\u2019Iran pu\u00f2 colpirli, e che gli Stati Uniti non sono in grado di impedirlo.<\/p>\n<p>7. \u201cBloccheremo il programma nucleare dell\u2019Iran\u201d. (Di nuovo?) \u2013 un attacco a sorpresa come quello israelo-americano \u2013 per di pi\u00f9 mirato alle persone \u2013 confermer\u00e0 non solo all\u2019Iran, ma a tutti i Paesi del mondo, che avere la bomba atomica \u00e8 l\u2019unica vera assicurazione sulla sovranit\u00e0 nazionale. \u00c8 un immenso spot per la proliferazione nucleare.<\/p>\n<p>8. \u201cElimineremo l\u2019asse della resistenza\u201d. Hezbollah \u00e8 sempre l\u00ec. Anche Hamas. Anche gli Houthi. Questa comincia a sembrare una favoletta, certo utile alla carriera di qualcuno.<\/p>\n<p>9. \u201cPorteremo gli ayatollah a pi\u00f9 miti consigli\u201d. Dopo aver eliminato il capo 86enne, hai ora suo figlio. Il padre era contro le armi nucleari, lui \u00e8 a favore. Ma vedrete, sar\u00e0 certamente moderatissimo dopo che l\u2019attentato Us-Isr gli ha ucciso il figlio, la sorella e vari altri parenti stretti.<\/p>\n<p>Mitissimi consigli.<\/p>\n<p>Come ha ammesso qualche giorno fa Danny Citrinowitz, esperto israeliano dell\u2019Istituto per la Sicurezza Nazionale: \u201cSe c\u2019\u00e8 il colpo di stato, bene. Se la gente va in piazza, bene. Se c\u2019\u00e8 la guerra civile, bene. Del futuro e della stabilit\u00e0 dell\u2019Iran non ce ne pu\u00f2 fregare di meno\u201d.<\/p>\n<p>\u00c8 guerra per la guerra in una logica perversa da cui bisogna assolutamente tirarsi fuori, per rovesciarla.<\/p>\n<p><strong>FONTE:<a href=\"https:\/\/www.startmag.it\/mondo\/le-giravolte-mediatiche-di-usa-e-israele-sulliran\/\">https:\/\/www.startmag.it\/mondo\/le-giravolte-mediatiche-di-usa-e-israele-sulliran\/<\/a><\/strong><\/p>\n<\/div>\n<\/div>\n<\/div>\n<\/div>\n<\/div>\n<\/div>\n<\/div>\n<\/div>\n","protected":false},"excerpt":{"rendered":"<p>di STARTMAG (Riccardo Pennisi) &nbsp; Avrete notato l\u2019offensiva comunicativa di Trump e Netanyahu. Ieri hanno alzato parecchio il volume delle loro dichiarazioni. Attenzione: questo non \u00e8 un buon segno per loro. Accade invece quando le cose non vanno nella direzione auspicata. (\u00c8 un po\u2019 lo stesso motivo per cui il governo e la premier attaccano i giudici ormai anche se cambia il tempo \u2013 piove, magistratura ladra! \u2013 Sanno che la loro narrazione sulla riforma&#46;&#46;&#46;<\/p>\n","protected":false},"author":109,"featured_media":48474,"comment_status":"open","ping_status":"open","sticky":false,"template":"","format":"standard","meta":{"jetpack_post_was_ever_published":false,"_jetpack_newsletter_access":"","_jetpack_dont_email_post_to_subs":false,"_jetpack_newsletter_tier_id":0,"_jetpack_memberships_contains_paywalled_content":false,"_jetpack_memberships_contains_paid_content":false,"footnotes":"","jetpack_publicize_message":"","jetpack_publicize_feature_enabled":true,"jetpack_social_post_already_shared":true,"jetpack_social_options":{"image_generator_settings":{"template":"highway","enabled":false},"version":2}},"categories":[32],"tags":[],"jetpack_publicize_connections":[],"jetpack_featured_media_url":"https:\/\/appelloalpopolo.it\/wp-content\/uploads\/2019\/02\/start-magazine.png","jetpack_sharing_enabled":true,"jetpack_shortlink":"https:\/\/wp.me\/p7ZaJ4-oyD","_links":{"self":[{"href":"https:\/\/appelloalpopolo.it\/index.php?rest_route=\/wp\/v2\/posts\/94403"}],"collection":[{"href":"https:\/\/appelloalpopolo.it\/index.php?rest_route=\/wp\/v2\/posts"}],"about":[{"href":"https:\/\/appelloalpopolo.it\/index.php?rest_route=\/wp\/v2\/types\/post"}],"author":[{"embeddable":true,"href":"https:\/\/appelloalpopolo.it\/index.php?rest_route=\/wp\/v2\/users\/109"}],"replies":[{"embeddable":true,"href":"https:\/\/appelloalpopolo.it\/index.php?rest_route=%2Fwp%2Fv2%2Fcomments&post=94403"}],"version-history":[{"count":1,"href":"https:\/\/appelloalpopolo.it\/index.php?rest_route=\/wp\/v2\/posts\/94403\/revisions"}],"predecessor-version":[{"id":94404,"href":"https:\/\/appelloalpopolo.it\/index.php?rest_route=\/wp\/v2\/posts\/94403\/revisions\/94404"}],"wp:featuredmedia":[{"embeddable":true,"href":"https:\/\/appelloalpopolo.it\/index.php?rest_route=\/wp\/v2\/media\/48474"}],"wp:attachment":[{"href":"https:\/\/appelloalpopolo.it\/index.php?rest_route=%2Fwp%2Fv2%2Fmedia&parent=94403"}],"wp:term":[{"taxonomy":"category","embeddable":true,"href":"https:\/\/appelloalpopolo.it\/index.php?rest_route=%2Fwp%2Fv2%2Fcategories&post=94403"},{"taxonomy":"post_tag","embeddable":true,"href":"https:\/\/appelloalpopolo.it\/index.php?rest_route=%2Fwp%2Fv2%2Ftags&post=94403"}],"curies":[{"name":"wp","href":"https:\/\/api.w.org\/{rel}","templated":true}]}}