{"id":95114,"date":"2026-04-27T10:52:11","date_gmt":"2026-04-27T08:52:11","guid":{"rendered":"https:\/\/appelloalpopolo.it\/?p=95114"},"modified":"2026-04-27T11:02:17","modified_gmt":"2026-04-27T09:02:17","slug":"in-palestina-si-sono-svolte-tra-mille-difficolta-le-prime-elezioni-locali-dal-7-ottobre-2023","status":"publish","type":"post","link":"https:\/\/appelloalpopolo.it\/?p=95114","title":{"rendered":"In Palestina si sono svolte, tra mille difficolt\u00e0, le prime elezioni locali dal 7 ottobre 2023"},"content":{"rendered":"<p><strong>da L&#8217;INDIPENDENTE ONLINE (Moira Amargi)<\/strong><\/p>\n<p><img loading=\"lazy\" decoding=\"async\" class=\"alignnone size-medium wp-image-95115\" src=\"https:\/\/appelloalpopolo.it\/wp-content\/uploads\/2026\/04\/images-3-1-300x257.jpeg\" alt=\"\" width=\"300\" height=\"257\" srcset=\"https:\/\/appelloalpopolo.it\/wp-content\/uploads\/2026\/04\/images-3-1-300x257.jpeg 300w, https:\/\/appelloalpopolo.it\/wp-content\/uploads\/2026\/04\/images-3-1.jpeg 397w\" sizes=\"(max-width: 300px) 100vw, 300px\" \/><\/p>\n<div class=\"td_block_wrap tdb_single_content tdi_69 td-pb-border-top td_block_template_1 td-post-content tagdiv-type\" data-td-block-uid=\"tdi_69\">\n<div class=\"tdb-block-inner td-fix-index\">\n<p>RAMALLAH, PALESTINA OCCUPATA \u2013 Si sono concluse ieri sera le elezioni amministrative in Palestina. Le votazioni per rinnovare la composizione dei consigli comunali \u2013 responsabili di servizi come acqua, strade ed elettricit\u00e0 \u2013 si sono tenute in Cisgiordania e nella citt\u00e0 di Deir el-Balah, unica localit\u00e0 della Striscia di Gaza distrutta da Israele dove si \u00e8 votato: una scelta simbolica per l\u2019Autorit\u00e0 Nazionale Palestinese, impegnata nel doppio obiettivo di mandare un segnale all\u2019estero e all\u2019interno per dimostrare di poter governare anche la Striscia. L\u2019affluenza \u00e8 stata del <strong>53,44%<\/strong>, un dato leggermente inferiore a quello registrato nelle elezioni locali del 2021-2022. Ma il clima che si respira fuori dai seggi \u00e8 di <strong>profonda disillusione politica<\/strong>: molti considerano queste votazioni un procedimento formale, poich\u00e9 gran parte delle decisioni politiche ufficiali nei territori occupati non vengono prese senza l\u2019approvazione israeliana. Sul terreno inoltre, l\u2019annessione di terre da parte di Israele, la costruzione di nuove insediamenti e la violenza dei coloni e dell\u2019esercito di Tel Aviv non fanno che crescere, mentre l\u2019ANP non sembra avere la capacit\u00e0 di proteggere i suoi cittadini.<\/p>\n<p>Il voto si \u00e8 tenuto in 11 citt\u00e0 della Cisgiordania e 182 villaggi, oltre che nella citt\u00e0 di Deir el-Balah, nella striscia di Gaza centrale, localit\u00e0 scelta perch\u00e9 tra le meno colpite dalla devastazione israeliana. La maggior parte delle liste elettorali \u00e8 sostenuta dal movimento Fatah del presidente Mahmoud Abbas o da candidati indipendenti, <strong>senza la partecipazione ufficiale di Hamas n\u00e9 di altri partiti politici<\/strong>. In molte citt\u00e0, come Ramallah e Nablus, gli elettori avevano a disposizione una sola lista di candidati, quella dell\u2019Autorit\u00e0 Palestinese, che ha ottenuto cos\u00ec una vittoria automatica. \u00c8 la prima volta in sei elezioni locali che nessun\u2019altra fazione presenta ufficialmente proprie liste, anche se in alcuni casi i candidati indipendenti hanno legami noti con partiti diversi da Fatah. Il campo elettorale infatti si \u00e8 ristretto dopo che diversi gruppi hanno <strong>contestato la legge elettorale <\/strong>che stabiliva le condizioni per la candidatura.<\/p>\n<p>Il presidente palestinese Mahmoud Abbas, 90 anni, ha firmato lo scorso anno un decreto per <strong>riformare il sistema elettorale <\/strong>in linea con alcune richieste dei donatori occidentali, attuando modifiche che consentono di votare per candidati individuali invece che per liste, abbassano l\u2019et\u00e0 minima per candidarsi e aumentano le quote per le donne. Ma poi, a gennaio, ha emesse un <strong>nuovo decreto<\/strong>: la legge prevedeva che i candidati potessero presentarsi solo impegnandosi a riconoscere \u00abl\u2019Organizzazione per la Liberazione della Palestina (PLO) come unico legittimo rappresentante del popolo palestinese, il suo programma politico e nazionale e le pertinenti decisioni della legittimit\u00e0 internazionale\u00bb, che include il <strong>riconoscimento di Israele <\/strong>e la rinuncia alla <strong>lotta armata<\/strong>. Di fatto escludendo Hamas e numerosi altri partiti di partecipare. Queste condizioni sono state cos\u00ec respinte da molte politiche organizzazioni palestinesi, che si sono cos\u00ec rifiutate di presentare la propria lista.<\/p>\n<p>Le elezioni si sono svolte cos\u00ec in un <strong>contesto politico fortemente limitato <\/strong>e in un clima di profonda disillusione pubblica, mentre l\u2019Autorit\u00e0 Palestinese sembra voler mostrare riforme e legittimit\u00e0 di fronte a una crescente <strong>frustrazione per la corruzione, la stagnazione politica e l\u2019assenza di elezioni nazionali <\/strong>da ormai due decenni. Va ricordato infatti in Palestina non ci sono elezioni 2006, quando Hamas vinse democraticamente le elezioni parlamentari. Scoppi\u00f2 un caso internazionale, con conseguenti sanzioni economiche e politiche da parte degli Stati occidentali. Ne segu\u00ec una guerra civile, che \u2013 per riassumere \u2013 framment\u00f2 il paese ponendo la Striscia di Gaza sotto il controllo di Hamas e la Cisgiordania sotto il controllo dell\u2019Autorit\u00e0 Palestinese guidata da Mahmoud Abbas.<\/p>\n<p>Da quel giorno, non si svolgono elezioni parlamentari n\u00e9 a Gaza n\u00e9 in Cisgiordania. il leader di Fatah, <strong>Mahmoud Abbas<\/strong>, \u00e8 al potere da 20 anni senza che sia mai stato riconfermato a un voto popolare. La <strong>crisi di legittimit\u00e0 <\/strong>\u00e8 forte, e molti palestinesi non si sentono rappresentati dall\u2019Autorit\u00e0 Palestinese e da un partito di governo che molti considerano corrotto e succube del regime israeliano. Di fatto, i sondaggi del <a href=\"https:\/\/www.pcpsr.org\/\">Palestinian Center for Policy and Survey Research<\/a>\u00a0indicano che <strong>Hamas resta la fazione pi\u00f9 popolare<\/strong> sia a Gaza sia in Cisgiordania.<\/p>\n<div id=\"tdi_70\" class=\"td-gallery td-slide-on-2-columns\">\n<div class=\"post_td_gallery\">\n<div class=\"td-gallery-slide-top\">\n<div class=\"td-gallery-controls-wrapper\">\n<p class=\"td-gallery-slide-prev-next-but\" style=\"text-align: left;\"><i class=\"td-icon-left doubleSliderPrevButton\"><\/i><em>Sotto: immagini delle elezioni nella citt\u00e0 Palestinese di Al-Bireh, 15 km a nord di Gerusalemme. Foto di Moira Amargi per L&#8217;Indipendente<\/em><i class=\"td-icon-right doubleSliderNextButton\"><\/i><\/p>\n<\/div>\n<\/div>\n<div class=\"td-doubleSlider-1 \">\n<div class=\"td-slider\">\n<div class=\"td-slide-item td-item1\">\n<p class=\"td-slide-galery-figure td-slide-popup-gallery\"><a class=\"slide-gallery-image-link\" title=\"elezioni plaestina 5\" href=\"https:\/\/www.lindipendente.online\/wp-content\/uploads\/2026\/04\/elezioni-plaestina-5.jpg\" data-caption=\"Immagini delle elezioni nella citt\u00e0 Palestinese di Al-Bireh, 15 km a nord di Gerusalemme. Foto di Moira Amargi per L'Indipendente\" data-description=\"\"><img decoding=\"async\" class=\"td-animation-stack-type0-2\" src=\"https:\/\/www.lindipendente.online\/wp-content\/uploads\/2026\/04\/elezioni-plaestina-5-560x420.jpg\" sizes=\"(max-width: 560px) 100vw, 560px\" srcset=\"https:\/\/www.lindipendente.online\/wp-content\/uploads\/2026\/04\/elezioni-plaestina-5-560x420.jpg 560w, https:\/\/www.lindipendente.online\/wp-content\/uploads\/2026\/04\/elezioni-plaestina-5-300x225.jpg 300w, https:\/\/www.lindipendente.online\/wp-content\/uploads\/2026\/04\/elezioni-plaestina-5-1024x768.jpg 1024w, https:\/\/www.lindipendente.online\/wp-content\/uploads\/2026\/04\/elezioni-plaestina-5-768x576.jpg 768w, https:\/\/www.lindipendente.online\/wp-content\/uploads\/2026\/04\/elezioni-plaestina-5-80x60.jpg 80w, https:\/\/www.lindipendente.online\/wp-content\/uploads\/2026\/04\/elezioni-plaestina-5-150x113.jpg 150w, https:\/\/www.lindipendente.online\/wp-content\/uploads\/2026\/04\/elezioni-plaestina-5-600x450.jpg 600w, https:\/\/www.lindipendente.online\/wp-content\/uploads\/2026\/04\/elezioni-plaestina-5-696x522.jpg 696w, https:\/\/www.lindipendente.online\/wp-content\/uploads\/2026\/04\/elezioni-plaestina-5-1068x801.jpg 1068w, https:\/\/www.lindipendente.online\/wp-content\/uploads\/2026\/04\/elezioni-plaestina-5-265x198.jpg 265w, https:\/\/www.lindipendente.online\/wp-content\/uploads\/2026\/04\/elezioni-plaestina-5.jpg 1280w\" alt=\"\" \/><\/a><\/p>\n<\/div>\n<div class=\"td-slide-item td-item2\">\n<p class=\"td-slide-galery-figure td-slide-popup-gallery\"><a class=\"slide-gallery-image-link\" title=\"elezioni palestina 4\" href=\"https:\/\/www.lindipendente.online\/wp-content\/uploads\/2026\/04\/elezioni-palestina-4.jpg\" data-caption=\"Immagini delle elezioni nella citt\u00e0 Palestinese di Al-Bireh, 15 km a nord di Gerusalemme. Foto di Moira Amargi per L'Indipendente\" data-description=\"\"><img decoding=\"async\" class=\"td-animation-stack-type0-2\" src=\"https:\/\/www.lindipendente.online\/wp-content\/uploads\/2026\/04\/elezioni-palestina-4-560x420.jpg\" sizes=\"(max-width: 560px) 100vw, 560px\" srcset=\"https:\/\/www.lindipendente.online\/wp-content\/uploads\/2026\/04\/elezioni-palestina-4-560x420.jpg 560w, https:\/\/www.lindipendente.online\/wp-content\/uploads\/2026\/04\/elezioni-palestina-4-300x225.jpg 300w, https:\/\/www.lindipendente.online\/wp-content\/uploads\/2026\/04\/elezioni-palestina-4-1024x768.jpg 1024w, https:\/\/www.lindipendente.online\/wp-content\/uploads\/2026\/04\/elezioni-palestina-4-768x576.jpg 768w, https:\/\/www.lindipendente.online\/wp-content\/uploads\/2026\/04\/elezioni-palestina-4-80x60.jpg 80w, https:\/\/www.lindipendente.online\/wp-content\/uploads\/2026\/04\/elezioni-palestina-4-150x113.jpg 150w, https:\/\/www.lindipendente.online\/wp-content\/uploads\/2026\/04\/elezioni-palestina-4-600x450.jpg 600w, https:\/\/www.lindipendente.online\/wp-content\/uploads\/2026\/04\/elezioni-palestina-4-696x522.jpg 696w, https:\/\/www.lindipendente.online\/wp-content\/uploads\/2026\/04\/elezioni-palestina-4-1068x801.jpg 1068w, https:\/\/www.lindipendente.online\/wp-content\/uploads\/2026\/04\/elezioni-palestina-4-265x198.jpg 265w, https:\/\/www.lindipendente.online\/wp-content\/uploads\/2026\/04\/elezioni-palestina-4.jpg 1280w\" alt=\"\" \/><\/a><\/p>\n<\/div>\n<div class=\"td-slide-item td-item3\">\n<p class=\"td-slide-galery-figure td-slide-popup-gallery\"><a class=\"slide-gallery-image-link\" title=\"elezioni palestina 3\" href=\"https:\/\/www.lindipendente.online\/wp-content\/uploads\/2026\/04\/elezioni-palestina-3.jpg\" data-caption=\"Immagini delle elezioni nella citt\u00e0 Palestinese di Al-Bireh, 15 km a nord di Gerusalemme. Foto di Moira Amargi per L'Indipendente\" data-description=\"\"><img decoding=\"async\" class=\"td-animation-stack-type0-2\" src=\"https:\/\/www.lindipendente.online\/wp-content\/uploads\/2026\/04\/elezioni-palestina-3-560x420.jpg\" sizes=\"(max-width: 560px) 100vw, 560px\" srcset=\"https:\/\/www.lindipendente.online\/wp-content\/uploads\/2026\/04\/elezioni-palestina-3-560x420.jpg 560w, https:\/\/www.lindipendente.online\/wp-content\/uploads\/2026\/04\/elezioni-palestina-3-300x225.jpg 300w, https:\/\/www.lindipendente.online\/wp-content\/uploads\/2026\/04\/elezioni-palestina-3-1024x768.jpg 1024w, https:\/\/www.lindipendente.online\/wp-content\/uploads\/2026\/04\/elezioni-palestina-3-768x576.jpg 768w, https:\/\/www.lindipendente.online\/wp-content\/uploads\/2026\/04\/elezioni-palestina-3-80x60.jpg 80w, https:\/\/www.lindipendente.online\/wp-content\/uploads\/2026\/04\/elezioni-palestina-3-150x113.jpg 150w, https:\/\/www.lindipendente.online\/wp-content\/uploads\/2026\/04\/elezioni-palestina-3-600x450.jpg 600w, https:\/\/www.lindipendente.online\/wp-content\/uploads\/2026\/04\/elezioni-palestina-3-696x522.jpg 696w, https:\/\/www.lindipendente.online\/wp-content\/uploads\/2026\/04\/elezioni-palestina-3-1068x801.jpg 1068w, https:\/\/www.lindipendente.online\/wp-content\/uploads\/2026\/04\/elezioni-palestina-3-265x198.jpg 265w, https:\/\/www.lindipendente.online\/wp-content\/uploads\/2026\/04\/elezioni-palestina-3.jpg 1280w\" alt=\"\" \/><\/a><\/p>\n<\/div>\n<div class=\"td-slide-item td-item4\">\n<p class=\"td-slide-galery-figure td-slide-popup-gallery\"><a class=\"slide-gallery-image-link\" title=\"elezioni palestina(1)(1)\" href=\"https:\/\/www.lindipendente.online\/wp-content\/uploads\/2026\/04\/elezioni-palestina11.png\" data-caption=\"Immagini delle elezioni nella citt\u00e0 Palestinese di Al-Bireh, 15 km a nord di Gerusalemme. Foto di Moira Amargi per L'Indipendente\" data-description=\"\"><img decoding=\"async\" class=\"td-animation-stack-type0-2\" src=\"https:\/\/www.lindipendente.online\/wp-content\/uploads\/2026\/04\/elezioni-palestina11-560x420.png\" sizes=\"(max-width: 560px) 100vw, 560px\" srcset=\"https:\/\/www.lindipendente.online\/wp-content\/uploads\/2026\/04\/elezioni-palestina11-560x420.png 560w, https:\/\/www.lindipendente.online\/wp-content\/uploads\/2026\/04\/elezioni-palestina11-300x225.png 300w, https:\/\/www.lindipendente.online\/wp-content\/uploads\/2026\/04\/elezioni-palestina11-1024x768.png 1024w, https:\/\/www.lindipendente.online\/wp-content\/uploads\/2026\/04\/elezioni-palestina11-768x576.png 768w, https:\/\/www.lindipendente.online\/wp-content\/uploads\/2026\/04\/elezioni-palestina11-80x60.png 80w, https:\/\/www.lindipendente.online\/wp-content\/uploads\/2026\/04\/elezioni-palestina11-150x113.png 150w, https:\/\/www.lindipendente.online\/wp-content\/uploads\/2026\/04\/elezioni-palestina11-600x450.png 600w, https:\/\/www.lindipendente.online\/wp-content\/uploads\/2026\/04\/elezioni-palestina11-696x522.png 696w, https:\/\/www.lindipendente.online\/wp-content\/uploads\/2026\/04\/elezioni-palestina11-1068x801.png 1068w, https:\/\/www.lindipendente.online\/wp-content\/uploads\/2026\/04\/elezioni-palestina11-265x198.png 265w, https:\/\/www.lindipendente.online\/wp-content\/uploads\/2026\/04\/elezioni-palestina11.png 1280w\" alt=\"\" \/><\/a><\/p>\n<\/div>\n<\/div>\n<\/div>\n<\/div>\n<\/div>\n<p>Il voto a Deir el-Balah sembra figlio di questa spaccatura politica e del tentativo dell\u2019ANP di cercare legittimit\u00e0 internazionale, ma anche della volont\u00e0 di ribadire la loro opposizione alla separazione di Gaza dal resto della Palestina. \u00abL\u2019idea principale \u00e8 collegare politicamente Cisgiordania e Gaza come un unico sistema\u00bb, ha <a href=\"https:\/\/www.aljazeera.com\/news\/2026\/4\/25\/polls-open-in-gaza-area-in-first-municipal-election-in-20-years\">dichiarato <\/a>il portavoce della Commissione Elettorale Centrale Fareed Taamallah. \u00abGaza \u00e8 parte inseparabile dello Stato di Palestina. Pertanto, abbiamo lavorato con ogni mezzo per garantire che le elezioni si svolgano a Deir al-Balah, al fine di affermare l\u2019unit\u00e0 delle due parti del Paese,\u00bb ha <a href=\"https:\/\/www.arabnews.com\/node\/2641199\/middle-east?utm_source=chatgpt.com\">confermato <\/a>il presidente Machmud Abbas.<a href=\"https:\/\/www.aljazeera.com\/news\/2026\/4\/25\/polls-open-in-gaza-area-in-first-municipal-election-in-20-years\">Secondo <\/a><em>Al Jazeera <\/em>le autorit\u00e0 di Gaza definiscono il voto a Deir el-Balah un \u201cprogetto pilota\u201d, tenutosi solo in quella citt\u00e0 perch\u00e9 una delle poche ad avere le infrastrutture necessarie per le elezioni. Il resto delle citt\u00e0 della Striscia, infatti, sono ridotte in macerie. L\u2019affluenza al voto \u00e8 stata del 22.6%.<\/p>\n<p>La Commissione ha inoltre precisato di non essersi coordinata direttamente n\u00e9 con Israele n\u00e9 con Hamas prima del voto a Deir el-Balah e di non essere riuscita a inviare materiali elettorali come schede, urne o inchiostro nella Striscia. Sebbene Hamas non fosse presente sulla scheda elettorale della citt\u00e0 di Gaza l\u2019agenzia <em>Reuters <\/em>ha riferito che una lista di candidati era ampiamente considerata a essa vicina. Secondo <a href=\"https:\/\/www.pcpsr.org\/en\/node\/1000\">alcuni sondaggi<\/a>, la popolarit\u00e0 di Hamas \u00e8 diminuita a Gaza a causa della guerra che ha devastato la Striscia \u2013 pur rimanendo maggioritaria \u2013 ma \u00e8 invece aumentata in Cisgiordania. La forte crisi economica, e l\u2019avanzata dell\u2019occupazione israeliana sul territorio, corredata da un aumento di violenze e sfollamenti forzati, sembrano infatti spingere la popolazione ad allontanarsi sempre di pi\u00f9 da un\u2019Autorit\u00e0 Palestinese che in molti definiscono \u201cuna seconda occupazione\u201d.<\/p>\n<p>Intanto, si attendono i risultati ufficiali delle elezioni. Dopo aver votato, il presidente Mahmoud Abbas ha <a href=\"https:\/\/english.wafa.ps\/Pages\/Details\/169801\">dichiarato<\/a>: \u00abSiamo soddisfatti dello svolgimento delle elezioni. Prima si sono tenute le elezioni studentesche, poi quelle dei consigli locali, seguite il mese prossimo dalle elezioni del movimento Fatah e quindi dalle elezioni del Consiglio Nazionale Palestinese: tutte si svolgeranno quest\u2019anno\u00bb. Aggiungendo: \u00abDiciamo al mondo che siamo democratici, crediamo nella democrazia e nel pluralismo, e meritiamo uno Stato palestinese indipendente con Gerusalemme Est come capitale\u00bb.<\/p>\n<\/div>\n<\/div>\n<p><strong>FONTE:\u00a0<a href=\"https:\/\/www.lindipendente.online\/2026\/04\/26\/in-palestina-si-sono-svolte-tra-mille-difficolta-le-prime-elezioni-locali-dal-7-ottobre-2023\/\">https:\/\/www.lindipendente.online\/2026\/04\/26\/in-palestina-si-sono-svolte-tra-mille-difficolta-le-prime-elezioni-locali-dal-7-ottobre-2023\/<\/a><\/strong><\/p>\n","protected":false},"excerpt":{"rendered":"<p>da L&#8217;INDIPENDENTE ONLINE (Moira Amargi) RAMALLAH, PALESTINA OCCUPATA \u2013 Si sono concluse ieri sera le elezioni amministrative in Palestina. Le votazioni per rinnovare la composizione dei consigli comunali \u2013 responsabili di servizi come acqua, strade ed elettricit\u00e0 \u2013 si sono tenute in Cisgiordania e nella citt\u00e0 di Deir el-Balah, unica localit\u00e0 della Striscia di Gaza distrutta da Israele dove si \u00e8 votato: una scelta simbolica per l\u2019Autorit\u00e0 Nazionale Palestinese, impegnata nel doppio obiettivo di mandare&#46;&#46;&#46;<\/p>\n","protected":false},"author":103,"featured_media":84764,"comment_status":"open","ping_status":"open","sticky":false,"template":"","format":"standard","meta":{"jetpack_post_was_ever_published":false,"_jetpack_newsletter_access":"","_jetpack_dont_email_post_to_subs":false,"_jetpack_newsletter_tier_id":0,"_jetpack_memberships_contains_paywalled_content":false,"_jetpack_memberships_contains_paid_content":false,"footnotes":"","jetpack_publicize_message":"","jetpack_publicize_feature_enabled":true,"jetpack_social_post_already_shared":true,"jetpack_social_options":{"image_generator_settings":{"template":"highway","enabled":false},"version":2}},"categories":[32],"tags":[],"jetpack_publicize_connections":[],"jetpack_featured_media_url":"https:\/\/appelloalpopolo.it\/wp-content\/uploads\/2024\/04\/LIndipendente.online.jpg","jetpack_sharing_enabled":true,"jetpack_shortlink":"https:\/\/wp.me\/p7ZaJ4-oK6","_links":{"self":[{"href":"https:\/\/appelloalpopolo.it\/index.php?rest_route=\/wp\/v2\/posts\/95114"}],"collection":[{"href":"https:\/\/appelloalpopolo.it\/index.php?rest_route=\/wp\/v2\/posts"}],"about":[{"href":"https:\/\/appelloalpopolo.it\/index.php?rest_route=\/wp\/v2\/types\/post"}],"author":[{"embeddable":true,"href":"https:\/\/appelloalpopolo.it\/index.php?rest_route=\/wp\/v2\/users\/103"}],"replies":[{"embeddable":true,"href":"https:\/\/appelloalpopolo.it\/index.php?rest_route=%2Fwp%2Fv2%2Fcomments&post=95114"}],"version-history":[{"count":6,"href":"https:\/\/appelloalpopolo.it\/index.php?rest_route=\/wp\/v2\/posts\/95114\/revisions"}],"predecessor-version":[{"id":95121,"href":"https:\/\/appelloalpopolo.it\/index.php?rest_route=\/wp\/v2\/posts\/95114\/revisions\/95121"}],"wp:featuredmedia":[{"embeddable":true,"href":"https:\/\/appelloalpopolo.it\/index.php?rest_route=\/wp\/v2\/media\/84764"}],"wp:attachment":[{"href":"https:\/\/appelloalpopolo.it\/index.php?rest_route=%2Fwp%2Fv2%2Fmedia&parent=95114"}],"wp:term":[{"taxonomy":"category","embeddable":true,"href":"https:\/\/appelloalpopolo.it\/index.php?rest_route=%2Fwp%2Fv2%2Fcategories&post=95114"},{"taxonomy":"post_tag","embeddable":true,"href":"https:\/\/appelloalpopolo.it\/index.php?rest_route=%2Fwp%2Fv2%2Ftags&post=95114"}],"curies":[{"name":"wp","href":"https:\/\/api.w.org\/{rel}","templated":true}]}}