{"id":95130,"date":"2026-04-28T10:30:58","date_gmt":"2026-04-28T08:30:58","guid":{"rendered":"https:\/\/appelloalpopolo.it\/?p=95130"},"modified":"2026-04-28T10:26:58","modified_gmt":"2026-04-28T08:26:58","slug":"considerazioni-sulle-ribellioni-in-mali","status":"publish","type":"post","link":"https:\/\/appelloalpopolo.it\/?p=95130","title":{"rendered":"Considerazioni sulle ribellioni in Mali"},"content":{"rendered":"<p><strong>da TERMOMETRO GEOPOLITICO (Filippo Bovo)<\/strong><\/p>\n<p><img loading=\"lazy\" decoding=\"async\" class=\"alignnone size-medium wp-image-95131\" src=\"https:\/\/appelloalpopolo.it\/wp-content\/uploads\/2026\/04\/FB_IMG_1777364374272-300x253.jpg\" alt=\"\" width=\"300\" height=\"253\" srcset=\"https:\/\/appelloalpopolo.it\/wp-content\/uploads\/2026\/04\/FB_IMG_1777364374272-300x253.jpg 300w, https:\/\/appelloalpopolo.it\/wp-content\/uploads\/2026\/04\/FB_IMG_1777364374272-1024x865.jpg 1024w, https:\/\/appelloalpopolo.it\/wp-content\/uploads\/2026\/04\/FB_IMG_1777364374272-768x649.jpg 768w, https:\/\/appelloalpopolo.it\/wp-content\/uploads\/2026\/04\/FB_IMG_1777364374272-1536x1298.jpg 1536w, https:\/\/appelloalpopolo.it\/wp-content\/uploads\/2026\/04\/FB_IMG_1777364374272.jpg 2048w\" sizes=\"(max-width: 300px) 100vw, 300px\" \/><\/p>\n<p>Per quanto fluida e tesa resti la situazione in Mali, da ieri ad oggi molti fatti hanno infine trovato una stabile conferma. Sullo sfondo, i fondamentali restano quelli: di una crisi destinata ad un graduale superamento, come ad esempio gi\u00e0 si vide nell&#8217;autunno scorso, in occasione della crisi dei carburanti provocata da JNIM (Jama\u02bfat Nu\u1e63rat al-Islam wa-l muslimin, Gruppo di Sostegno all&#8217;Islam e ai musulmani, affiliato ad al-Qaeda), con l&#8217;interruzione delle principali arterie e il blocco dei trasporti che rifornivano Bamako ed altre citt\u00e0 del Mali, al fine di paralizzarne le attivit\u00e0, indebolirvi il sostegno popolare e militare, e causarvi un crollo del governo di Assimi Goita. Tutti ci ricorderemo che quella, come altre crisi, venne poi superata con l&#8217;eroismo, la combattivit\u00e0 e la preparazione dei militari del FAMA (Forze Armate maliane), e dei paramilitari e volontari maliani, che insieme ai civili seppero, com&#8217;\u00e8 sempre stato, fare la differenza.<\/p>\n<p>Ha intanto ricevuto conferma, gi\u00e0 nella tarda giornata di ieri, la notizia della morte del ministro della Difesa, Sadio Camara, ucciso a Kati da un attentatore suicida a bordo di un auto, in un attacco costato la vita anche a sua moglie e a due nipoti. In suo onore, il paese osserver\u00e0 due giorni di lutto nazionale, con funerali solenni.<\/p>\n<p>Successivamente, ha trovato conferma anche il ritiro dall&#8217;ex base MINUSMA di Kidal, nel nord del paese, dei militari dell&#8217;Africa Corp, dopo una lunga e non sempre scontata trattativa coi miliziani del Fronte di Liberazione dell&#8217;Azawad (FLA). Le trattative non hanno invece riguardato i militari del FAMA, rimasti nella base, e nei cui confronti il FLA nutre diverse intenzioni. Come gi\u00e0 abbiamo visto dai comunicati congiunti di JNIM e FLA, i jihadisti e i separatisti non intendono allargare il fronte disperdendo le loro risorse contro troppi nemici: invitano perci\u00f2 i russi a starsene fuori, e cos\u00ec pure fanno con la forza congiunta dell&#8217;AES, circa 5000 uomini tra Mali, Burkina Faso e Niger, entrata comunque in azione.<\/p>\n<p>Che i militari del FAMA, insieme alle varie forze in suo supporto come paramilitari e volontari, costituiscano l&#8217;obiettivo principale per FLA e JNIM, non \u00e8 in ogni caso una novit\u00e0. Sequestrare militari e paramilitari, diffondendone la notizia con le relative immagini e video, permette infatti loro d&#8217;esercitare un forte potere contrattuale e ricattatorio sulle autorit\u00e0 politiche e militari maliane, rinverdire il loro mito d&#8217;invincibilit\u00e0 e potenza, e demoralizzare la popolazione e i combattenti maliani, cos\u00ec minando le istituzioni e il governo di Bamako. Non solo, ma contribuisce anche ad alimentare a livello esterno l&#8217;impressione che il governo maliano sia giunto ormai agli sgoccioli, e che continuare a fornirgli un supporto, a poco serva; e non \u00e8 ovviamente un messaggio diretto solo a Mosca, ma pure a tutti agli altri partner, regionali come ad esempio gli altri due suoi partner dell&#8217;AES, ed extra-regionali come ad esempio la Turchia. In cambio di quegli uomini sotto sequestro, JNIM e FLA possono di conseguenza ottenere molto di pi\u00f9, anche per garantirsi un futuro operativo: malgrado i successi declamati a livello mediatico, la loro situazione sul campo non \u00e8 infatti delle pi\u00f9 invidiabili, e ci\u00f2 a cui puntano \u00e8 proprio di evitare uno scontro diretto e rafforzato con FAMA e relative milizie di supporto.<\/p>\n<p>Lo stesso ripiegamento dei russi fuori da Kidal, in fondo, serve a ricordarci che nella lotta dura, in campo aperto, a tenere per oltre dieci ore e su un fronte mobile di oltre 2000 km, con collegamenti logistici e forniture carenti o interrotte dalla pervasiva presenza nemica, sono proprio gli uomini del FAMA, coi relativi paramilitari e volontari, compresi pure civili che a loro volta si uniscono agli scontri, affrontando il pericolo a mani nude. Perch\u00e9 \u00e8 casa loro, e conoscono il territorio meglio di chiunque altro. L&#8217;abbiamo visto anche a Kidal, ormai l&#8217;ultimo caposaldo tuttora nelle mani di FLA e dei suoi alleati di JNIM. Anche questo dovrebbe ricordarci, una volta per tutte, che un conflitto come quello maliano non andrebbe assolutamente mai guardato con un occhio eurocentrico, perch\u00e9 si tratta di una mentalit\u00e0 di stampo colonial-neocolonialista, comune a molti europei e che li porta a pensare, implicitamente, che in Mali i maliani semplicemente non esistano: come se fossero soltanto i russi a combattere contro FLA e JNIM, con militari e popolazione locale ad assistere passivamente ed imbellamente allo spettacolo. E&#8217; davvero a dir poco miserrimo pensare in termini del genere.<\/p>\n<p>Dobbiamo al contrario nutrire ammirazione e rispetto massimi al FAMA e al popolo maliano: perch\u00e9 sulle loro spalle, prima che su quelle di ogni altro, si regge la pesantezza di questa come di altre sfide.<\/p>\n<p><strong>Fonte:<\/strong>\u00a0<a href=\"https:\/\/www.facebook.com\/filippobovo83\">https:\/\/www.facebook.com\/filippobovo83<\/a><\/p>\n<p><strong>FONTE:\u00a0<a href=\"https:\/\/www.facebook.com\/share\/p\/1EZEPzNo9A\/\">https:\/\/www.facebook.com\/share\/p\/1EZEPzNo9A\/<\/a><\/strong><\/p>\n","protected":false},"excerpt":{"rendered":"<p>da TERMOMETRO GEOPOLITICO (Filippo Bovo) Per quanto fluida e tesa resti la situazione in Mali, da ieri ad oggi molti fatti hanno infine trovato una stabile conferma. Sullo sfondo, i fondamentali restano quelli: di una crisi destinata ad un graduale superamento, come ad esempio gi\u00e0 si vide nell&#8217;autunno scorso, in occasione della crisi dei carburanti provocata da JNIM (Jama\u02bfat Nu\u1e63rat al-Islam wa-l muslimin, Gruppo di Sostegno all&#8217;Islam e ai musulmani, affiliato ad al-Qaeda), con l&#8217;interruzione&#46;&#46;&#46;<\/p>\n","protected":false},"author":103,"featured_media":86323,"comment_status":"open","ping_status":"open","sticky":false,"template":"","format":"standard","meta":{"jetpack_post_was_ever_published":false,"_jetpack_newsletter_access":"","_jetpack_dont_email_post_to_subs":false,"_jetpack_newsletter_tier_id":0,"_jetpack_memberships_contains_paywalled_content":false,"_jetpack_memberships_contains_paid_content":false,"footnotes":"","jetpack_publicize_message":"","jetpack_publicize_feature_enabled":true,"jetpack_social_post_already_shared":true,"jetpack_social_options":{"image_generator_settings":{"template":"highway","enabled":false},"version":2}},"categories":[32],"tags":[],"jetpack_publicize_connections":[],"jetpack_featured_media_url":"https:\/\/appelloalpopolo.it\/wp-content\/uploads\/2024\/07\/FB_IMG_1720128433689.jpg","jetpack_sharing_enabled":true,"jetpack_shortlink":"https:\/\/wp.me\/p7ZaJ4-oKm","_links":{"self":[{"href":"https:\/\/appelloalpopolo.it\/index.php?rest_route=\/wp\/v2\/posts\/95130"}],"collection":[{"href":"https:\/\/appelloalpopolo.it\/index.php?rest_route=\/wp\/v2\/posts"}],"about":[{"href":"https:\/\/appelloalpopolo.it\/index.php?rest_route=\/wp\/v2\/types\/post"}],"author":[{"embeddable":true,"href":"https:\/\/appelloalpopolo.it\/index.php?rest_route=\/wp\/v2\/users\/103"}],"replies":[{"embeddable":true,"href":"https:\/\/appelloalpopolo.it\/index.php?rest_route=%2Fwp%2Fv2%2Fcomments&post=95130"}],"version-history":[{"count":1,"href":"https:\/\/appelloalpopolo.it\/index.php?rest_route=\/wp\/v2\/posts\/95130\/revisions"}],"predecessor-version":[{"id":95132,"href":"https:\/\/appelloalpopolo.it\/index.php?rest_route=\/wp\/v2\/posts\/95130\/revisions\/95132"}],"wp:featuredmedia":[{"embeddable":true,"href":"https:\/\/appelloalpopolo.it\/index.php?rest_route=\/wp\/v2\/media\/86323"}],"wp:attachment":[{"href":"https:\/\/appelloalpopolo.it\/index.php?rest_route=%2Fwp%2Fv2%2Fmedia&parent=95130"}],"wp:term":[{"taxonomy":"category","embeddable":true,"href":"https:\/\/appelloalpopolo.it\/index.php?rest_route=%2Fwp%2Fv2%2Fcategories&post=95130"},{"taxonomy":"post_tag","embeddable":true,"href":"https:\/\/appelloalpopolo.it\/index.php?rest_route=%2Fwp%2Fv2%2Ftags&post=95130"}],"curies":[{"name":"wp","href":"https:\/\/api.w.org\/{rel}","templated":true}]}}