{"id":96750,"date":"2026-09-01T10:00:12","date_gmt":"2026-09-01T08:00:12","guid":{"rendered":"https:\/\/appelloalpopolo.it\/?p=96750"},"modified":"2026-08-31T08:30:00","modified_gmt":"2026-08-31T06:30:00","slug":"islanda-vince-il-no-al-referendum-sul-possibile-ingresso-nellunione-europea","status":"publish","type":"post","link":"https:\/\/appelloalpopolo.it\/?p=96750","title":{"rendered":"Islanda: vince il No al referendum sul possibile ingresso nell\u2019Unione Europea"},"content":{"rendered":"<p><strong>da L&#8217;INDIPENDENTE ONLINE (Salvatore Toscano)<\/strong><\/p>\n<p><img loading=\"lazy\" decoding=\"async\" class=\"alignnone size-medium wp-image-96751\" src=\"https:\/\/appelloalpopolo.it\/wp-content\/uploads\/2026\/08\/images-3-300x253.jpeg\" alt=\"\" width=\"300\" height=\"253\" srcset=\"https:\/\/appelloalpopolo.it\/wp-content\/uploads\/2026\/08\/images-3-300x253.jpeg 300w, https:\/\/appelloalpopolo.it\/wp-content\/uploads\/2026\/08\/images-3.jpeg 398w\" sizes=\"(max-width: 300px) 100vw, 300px\" \/><\/p>\n<p>Niente Unione europea per l\u2019Islanda. Il referendum che verteva sulla possibilit\u00e0 di riprendere i negoziati per l\u2019adesione all\u2019UE \u2014 fermi dal 2013 \u2014 si \u00e8 concluso con la vittoria del no. \u00c8 in corso lo spoglio delle ultime schede elettorali ma l\u2019esito \u00e8 ormai scritto: la maggioranza degli elettori ha respinto il processo di integrazione europea, preferendo l\u2019autonomia nazionale nei diversi settori co-gestiti da Bruxelles. A partire dalla pesca, dove si \u00e8 registrata l\u2019opposizione pi\u00f9 ferrea. Le circoscrizioni rurali e costiere, guidate dalle comunit\u00e0 dei pescatori, hanno trainato l\u2019esito referendario, facendo trionfare il dissenso verso i vincoli europei.<\/p>\n<div class=\"code-block code-block-11\">\n<div class=\"ai-rotate\" data-shares=\"WzUwLDYwLDcwLDgwLDkwLDEwMF0=\">\n<div class=\"ai-rotate-option\" data-index=\"1\" data-name=\"TmVzc3VuIGJhbm5lcg==\" data-code=\"Cgo=\"><\/div>\n<\/div>\n<\/div>\n<p>Come riportato dall\u2019emittente pubblico RVU, lo scrutinio del referendum \u00e8 quasi completato, con oltre 190mila schede gi\u00e0 consultate. A livello nazionale, il fronte del no avrebbe accumulato 99mila voti (pari al\u00a0<strong>52,5%<\/strong>\u00a0del totale), staccando di circa 10mila preferenze il blocco europeista, fermatosi sulla soglia dei 90mila voti. Si \u00e8 registrata un\u2019alta affluenza, pari al 82,5%.<\/p>\n<p>L\u2019esito referendario ha confermato le sensazioni della vigilia, accompagnate da sondaggi e intenzioni di voto che rivelavano un serrato testa a testa tra i due schieramenti. L\u2019idea di riprendere il processo di adesione all\u2019Unione europea ha trionfato soltanto nella capitale\u00a0<strong>Reykjav\u00edk<\/strong>. Nelle altre circoscrizioni, invece, circa il 60% dei consensi ha rimpinguato il fronte del no, toccando punte del 65% nelle comunit\u00e0 costiere, dove \u00e8 forte la presenza dei pescatori, i primi a opporsi all\u2019integrazione europea. Da queste parti le regole di Bruxelles nel settore, a partire dalla ripartizione tra i Paesi membri delle quote di pesca, sono duramente contestate.<\/p>\n<p>Almeno per i prossimi due anni, fino cio\u00e8 alla fine della legislatura prevista per il 2028, l\u2019Islanda non riprender\u00e0 i\u00a0<strong>negoziati per l\u2019adesione all\u2019UE<\/strong>. L\u2019esito referendario non \u00e8 vincolante, ma il governo guidato dalla socialdemocratica Kristr\u00fan Frostad\u00f3ttir ha dichiarato che rispetter\u00e0 la volont\u00e0 popolare. Di fronte all\u2019attuale fase di incertezza internazionale \u2014 tra guerre, crisi energetiche e mire espansionistiche di Donald Trump nella vicina\u00a0<a href=\"https:\/\/www.lindipendente.online\/2026\/05\/13\/terre-rare-e-basi-militari-gli-usa-stanno-conquistando-la-groenlandia-senza-invaderla\/\" target=\"_blank\" rel=\"noopener\">Groenlandia<\/a>\u00a0\u2014 l\u2019esecutivo aveva deciso di riportare nell\u2019agenda politica il tema dell\u2019avvicinamento all\u2019UE, propendendo per il referendum.<\/p>\n<p>L\u2019Islanda resta comunque un partner di Bruxelles. Il Paese nordico fa infatti parte dello Spazio economico europeo, nato nel 1994 per estendere il mercato comunitario ai paesi dell\u2019Associazione europea di libero scambio (EFTA). L\u2019Islanda ha sottoscritto anche l\u2019accordo di Schengen sulla libera circolazione, abolendo i controlli di frontiera con 25 membri dell\u2019UE, oltre che con Liechtenstein, Norvegia e Svizzera.<\/p>\n<p><strong>FONTE:\u00a0<a href=\"https:\/\/www.lindipendente.online\/2026\/08\/30\/islanda-vince-il-no-al-referendum-sul-possibile-ingresso-nellunione-europea\/\">https:\/\/www.lindipendente.online\/2026\/08\/30\/islanda-vince-il-no-al-referendum-sul-possibile-ingresso-nellunione-europea\/<\/a><\/strong><\/p>\n","protected":false},"excerpt":{"rendered":"<p>da L&#8217;INDIPENDENTE ONLINE (Salvatore Toscano) Niente Unione europea per l\u2019Islanda. Il referendum che verteva sulla possibilit\u00e0 di riprendere i negoziati per l\u2019adesione all\u2019UE \u2014 fermi dal 2013 \u2014 si \u00e8 concluso con la vittoria del no. \u00c8 in corso lo spoglio delle ultime schede elettorali ma l\u2019esito \u00e8 ormai scritto: la maggioranza degli elettori ha respinto il processo di integrazione europea, preferendo l\u2019autonomia nazionale nei diversi settori co-gestiti da Bruxelles. A partire dalla pesca, dove&#46;&#46;&#46;<\/p>\n","protected":false},"author":103,"featured_media":84764,"comment_status":"open","ping_status":"open","sticky":false,"template":"","format":"standard","meta":{"jetpack_post_was_ever_published":false,"_jetpack_newsletter_access":"","_jetpack_dont_email_post_to_subs":false,"_jetpack_newsletter_tier_id":0,"_jetpack_memberships_contains_paywalled_content":false,"_jetpack_memberships_contains_paid_content":false,"footnotes":"","jetpack_publicize_message":"","jetpack_publicize_feature_enabled":true,"jetpack_social_post_already_shared":true,"jetpack_social_options":{"image_generator_settings":{"template":"highway","enabled":false},"version":2}},"categories":[32],"tags":[],"jetpack_publicize_connections":[],"jetpack_featured_media_url":"https:\/\/appelloalpopolo.it\/wp-content\/uploads\/2024\/04\/LIndipendente.online.jpg","jetpack_sharing_enabled":true,"jetpack_shortlink":"https:\/\/wp.me\/p7ZaJ4-pau","_links":{"self":[{"href":"https:\/\/appelloalpopolo.it\/index.php?rest_route=\/wp\/v2\/posts\/96750"}],"collection":[{"href":"https:\/\/appelloalpopolo.it\/index.php?rest_route=\/wp\/v2\/posts"}],"about":[{"href":"https:\/\/appelloalpopolo.it\/index.php?rest_route=\/wp\/v2\/types\/post"}],"author":[{"embeddable":true,"href":"https:\/\/appelloalpopolo.it\/index.php?rest_route=\/wp\/v2\/users\/103"}],"replies":[{"embeddable":true,"href":"https:\/\/appelloalpopolo.it\/index.php?rest_route=%2Fwp%2Fv2%2Fcomments&post=96750"}],"version-history":[{"count":1,"href":"https:\/\/appelloalpopolo.it\/index.php?rest_route=\/wp\/v2\/posts\/96750\/revisions"}],"predecessor-version":[{"id":96752,"href":"https:\/\/appelloalpopolo.it\/index.php?rest_route=\/wp\/v2\/posts\/96750\/revisions\/96752"}],"wp:featuredmedia":[{"embeddable":true,"href":"https:\/\/appelloalpopolo.it\/index.php?rest_route=\/wp\/v2\/media\/84764"}],"wp:attachment":[{"href":"https:\/\/appelloalpopolo.it\/index.php?rest_route=%2Fwp%2Fv2%2Fmedia&parent=96750"}],"wp:term":[{"taxonomy":"category","embeddable":true,"href":"https:\/\/appelloalpopolo.it\/index.php?rest_route=%2Fwp%2Fv2%2Fcategories&post=96750"},{"taxonomy":"post_tag","embeddable":true,"href":"https:\/\/appelloalpopolo.it\/index.php?rest_route=%2Fwp%2Fv2%2Ftags&post=96750"}],"curies":[{"name":"wp","href":"https:\/\/api.w.org\/{rel}","templated":true}]}}