{"id":96764,"date":"2026-09-02T09:30:19","date_gmt":"2026-09-02T07:30:19","guid":{"rendered":"https:\/\/appelloalpopolo.it\/?p=96764"},"modified":"2026-08-31T15:02:56","modified_gmt":"2026-08-31T13:02:56","slug":"non-e-woke-e-il-capitalismo","status":"publish","type":"post","link":"https:\/\/appelloalpopolo.it\/?p=96764","title":{"rendered":"Non \u00e8 woke. \u00c8 il capitalismo.\u00a0"},"content":{"rendered":"<p style=\"text-align: justify\"><strong>di FERDINANDO PASTORE (Pagina FB)<\/strong><\/p>\n<p style=\"text-align: justify\">Si fa un gran parlare di woke quest&#8217;estate. Dopo le parole di Alexandria Ocasio-Cortez e il ragionamento di Giuseppe Conte, entrambi critici sui parodistici eccessi del politicamente corretto, la militanza liberal ha scatenato le sue consuete rappresaglie intellettuali per ribadire la purezza di spirito della sensibilit\u00e0 inclusiva. L&#8217;argomentazione \u00e8 consueta: i diritti civili sono inscindibili dai diritti sociali.<\/p>\n<p style=\"text-align: justify\">La prima lettura di questa enunciazione di principio non dovrebbe destare preoccupazioni. Chi non vorrebbe vivere in una societ\u00e0 dove giustizia collettiva e libert\u00e0 individuale si accompagnano mano nella mano? Peccato per\u00f2 che i termini della questione sono artificiosamente mal posti. \u00c8, come spesso accade, l&#8217;ortodossia liberale a interpretare autenticamente il codice morale. Maurizio Ferrara sul &#8220;Corriere della Sera&#8221; redige un vero e proprio libretto di istruzioni per maneggiare l&#8217;interesse capitalista sul tema dei diritti quando parla di &#8220;diversi ma pari nella vita sociale&#8221;.<\/p>\n<p style=\"text-align: justify\">Ferrara individua il cuore della contrapposizione. La lotta per rincorrere emancipazioni personali sempre pi\u00f9 particolareggiate fa da sfondo a una societ\u00e0 pi\u00f9 evoluta, meno sclerotizzata dalle strutture collettive, dalle normazioni repressive strutturate negli enti di intermediazione sociale. Oggi la vita \u00e8 pi\u00f9 agile e nessuno vorrebbe essere inquadrato in gruppi di rivendicazione politica e sindacale che sostanzialmente annientano le singole personalit\u00e0. Oggi i rapporti di lavoro sono individualizzati. Motivo per cui la scoperta di diritti soggettivi sempre pi\u00f9 indefiniti non disturba il principio di concorrenza che disciplina gerarchicamente i rapporti sociali nell&#8217;era delle costituzioni neoliberali.<\/p>\n<p style=\"text-align: justify\">Tanto che i conflitti orizzontali, la tanto decantata &#8220;stagione dei diritti&#8221; che imperversa nelle elucubrazioni del pedagogismo democratico, puntano dritti all&#8217;inclusione del soggetto all&#8217;interno dei meccanismi della logica capitalista. Siamo dunque agli antipodi del vecchio conflitto verticale, dove l&#8217;orizzonte rimaneva la trasformazione dei rapporti di forza tra capitale e lavoro in una prospettiva socialista. Nessuno voleva essere incluso, tutti, non importa se in un ambito riformista o rivoluzionario, gradualista o massimalista, puntavano allo scardinamento delle consuetudini borghesi. Lo sfruttamento, l&#8217;alienazione e le convenzioni morali perbeniste riassumevano lo stesso armamentario ideologico a disposizione del capitalismo.<\/p>\n<p style=\"text-align: justify\">Non \u00e8 un caso che nei Settanta, quando la conflittualit\u00e0 operaia si nutr\u00ec della partecipazione studentesca e popolare, le conquiste sociali e civili non sono mai entrate in contraddizione, mentre nell&#8217;ultimo trentennio le prime sono affondate sotto i colpi della razionalizzazione austeritaria mentre le seconde sono sempre l\u00ec ad ammonire quel popolo sprovveduto e incolto di latente incivilt\u00e0. Il politicamente corretto, dunque, serve a formare personalit\u00e0 docili, assoggettate a un linguaggio ciclostilato. Si deve istruire un &#8220;saper essere&#8221; in grado di forgiare un buon cittadino, ligio e composto, mai sopra le righe.<\/p>\n<p style=\"text-align: justify\">Inclusione, partecipazione, entusiasmo competitivo diventano oggetto di formazione pedagogica in una societ\u00e0 ormai del tutto aziendalizzata. L&#8217;individualismo progressista, cos\u00ec come quello proprietario della destra, ammicca all&#8217;idea di un popolo omogeneo nelle aspirazioni, dove i tanti singoli si omogeneizzano in solitudine per poi vivere un&#8217;esistenza levigata che contempla il fallimento personale come colpa e che psicologizza le questioni sociali. Per concludere, l&#8217;approccio politicamente corretto \u00e8 stato usato come uno stratagemma per ridefinire i confini delle democrazie, ormai del tutto spoliticizzate.<\/p>\n<p style=\"text-align: justify\">Per questo motivo sia la destra che la sinistra liberale utilizzano i canoni politicamente corretti per giustificare un futuro di guerra. Attaccare preventivamente le autocrazie significa difendere i nostri valori che di certo si esprimono nel primato dell&#8217;egoismo di profitto ma che ammaliano il mondo attraverso la composizione di un imprecisato carnet di pulsioni individuali classificate come diritti inalienabili. Dobbiamo sempre ricordare l&#8217;Ucraina, quel luogo in cui imperversava la possibilit\u00e0 di godere di uteri in affitto low cost e oggi avamposto della libert\u00e0 occidentale. La libert\u00e0 di includere nella logica di mercato non solo le merci e i servizi ma anche le inclinazioni e i sentimenti. Per costruire una fantasmagorica totalit\u00e0 di mercato.<\/p>\n<p style=\"text-align: justify\"><strong>Fonte:\u00a0<a href=\"https:\/\/www.facebook.com\/share\/p\/1FSbMRd5jC\/\">https:\/\/www.facebook.com\/share\/p\/1FSbMRd5jC\/<\/a><\/strong><\/p>\n","protected":false},"excerpt":{"rendered":"<p>di FERDINANDO PASTORE (Pagina FB) Si fa un gran parlare di woke quest&#8217;estate. Dopo le parole di Alexandria Ocasio-Cortez e il ragionamento di Giuseppe Conte, entrambi critici sui parodistici eccessi del politicamente corretto, la militanza liberal ha scatenato le sue consuete rappresaglie intellettuali per ribadire la purezza di spirito della sensibilit\u00e0 inclusiva. L&#8217;argomentazione \u00e8 consueta: i diritti civili sono inscindibili dai diritti sociali. La prima lettura di questa enunciazione di principio non dovrebbe destare preoccupazioni.&#46;&#46;&#46;<\/p>\n","protected":false},"author":95,"featured_media":89105,"comment_status":"open","ping_status":"open","sticky":false,"template":"","format":"standard","meta":{"jetpack_post_was_ever_published":false,"_jetpack_newsletter_access":"","_jetpack_dont_email_post_to_subs":false,"_jetpack_newsletter_tier_id":0,"_jetpack_memberships_contains_paywalled_content":false,"_jetpack_memberships_contains_paid_content":false,"footnotes":"","jetpack_publicize_message":"","jetpack_publicize_feature_enabled":true,"jetpack_social_post_already_shared":true,"jetpack_social_options":{"image_generator_settings":{"template":"highway","enabled":false},"version":2}},"categories":[32,1],"tags":[],"jetpack_publicize_connections":[],"jetpack_featured_media_url":"https:\/\/appelloalpopolo.it\/wp-content\/uploads\/2025\/02\/Ferdinando-Pastore.jpg","jetpack_sharing_enabled":true,"jetpack_shortlink":"https:\/\/wp.me\/p7ZaJ4-paI","_links":{"self":[{"href":"https:\/\/appelloalpopolo.it\/index.php?rest_route=\/wp\/v2\/posts\/96764"}],"collection":[{"href":"https:\/\/appelloalpopolo.it\/index.php?rest_route=\/wp\/v2\/posts"}],"about":[{"href":"https:\/\/appelloalpopolo.it\/index.php?rest_route=\/wp\/v2\/types\/post"}],"author":[{"embeddable":true,"href":"https:\/\/appelloalpopolo.it\/index.php?rest_route=\/wp\/v2\/users\/95"}],"replies":[{"embeddable":true,"href":"https:\/\/appelloalpopolo.it\/index.php?rest_route=%2Fwp%2Fv2%2Fcomments&post=96764"}],"version-history":[{"count":1,"href":"https:\/\/appelloalpopolo.it\/index.php?rest_route=\/wp\/v2\/posts\/96764\/revisions"}],"predecessor-version":[{"id":96766,"href":"https:\/\/appelloalpopolo.it\/index.php?rest_route=\/wp\/v2\/posts\/96764\/revisions\/96766"}],"wp:featuredmedia":[{"embeddable":true,"href":"https:\/\/appelloalpopolo.it\/index.php?rest_route=\/wp\/v2\/media\/89105"}],"wp:attachment":[{"href":"https:\/\/appelloalpopolo.it\/index.php?rest_route=%2Fwp%2Fv2%2Fmedia&parent=96764"}],"wp:term":[{"taxonomy":"category","embeddable":true,"href":"https:\/\/appelloalpopolo.it\/index.php?rest_route=%2Fwp%2Fv2%2Fcategories&post=96764"},{"taxonomy":"post_tag","embeddable":true,"href":"https:\/\/appelloalpopolo.it\/index.php?rest_route=%2Fwp%2Fv2%2Ftags&post=96764"}],"curies":[{"name":"wp","href":"https:\/\/api.w.org\/{rel}","templated":true}]}}