{"id":96790,"date":"2026-09-02T11:30:55","date_gmt":"2026-09-02T09:30:55","guid":{"rendered":"https:\/\/appelloalpopolo.it\/?p=96790"},"modified":"2026-09-01T21:20:47","modified_gmt":"2026-09-01T19:20:47","slug":"cosa-fanno-circa-700-soldati-italiani-nel-golfo-durante-la-guerra-alliran","status":"publish","type":"post","link":"https:\/\/appelloalpopolo.it\/?p=96790","title":{"rendered":"Cosa fanno circa 700 soldati italiani nel Golfo durante la guerra all\u2019Iran?"},"content":{"rendered":"<p><strong>di L&#8217;INDIPENDENTE (Dario Lucisano)<\/strong><\/p>\n<p><img loading=\"lazy\" decoding=\"async\" class=\"alignnone size-medium wp-image-96791\" src=\"https:\/\/appelloalpopolo.it\/wp-content\/uploads\/2026\/09\/Soldati-italiani-in-Arabia-Saudita-300x200.jpg\" alt=\"\" width=\"300\" height=\"200\" srcset=\"https:\/\/appelloalpopolo.it\/wp-content\/uploads\/2026\/09\/Soldati-italiani-in-Arabia-Saudita-300x200.jpg 300w, https:\/\/appelloalpopolo.it\/wp-content\/uploads\/2026\/09\/Soldati-italiani-in-Arabia-Saudita-768x512.jpg 768w, https:\/\/appelloalpopolo.it\/wp-content\/uploads\/2026\/09\/Soldati-italiani-in-Arabia-Saudita.jpg 1000w\" sizes=\"(max-width: 300px) 100vw, 300px\" \/><\/p>\n<p>\u00c8 certamente una delle operazioni militari pi\u00f9 delicate del momento per le forze armate italiane; ed \u00e8 anche parecchio misteriosa. La guerra degli Stati Uniti contro l\u2019Iran va avanti dall\u2019inizio di marzo e, a partire dalla met\u00e0 del medesimo mese, l\u2019Italia ha dispiegato nella regione centinaia dei suoi soldati. Le truppe tricolori si trovano in Bahrein, Emirati Arabi Uniti, Kuwait e, soprattutto, in Arabia Saudita. Le fonti ufficiali parlano di circa 700 soldati, con cui sono stati dispiegati anche sistemi di difesa, radar, velivoli da supporto tecnico e mezzi per la sorveglianza e le operazioni. Non \u00e8 noto quali attivit\u00e0 svolgano con esattezza, n\u00e9 se siano stati coinvolti in qualche operazione di difesa. La loro presenza nella regione \u00e8 rimasta riservata fino a poco tempo fa, quando \u00e8 stata resa nota da alcune fonti mediatiche, suscitando l\u2019indignazione delle opposizioni. Per comprendere meglio lo scopo e la natura dei dispositivi schierati,\u00a0<em>L\u2019Indipendente<\/em>\u00a0ha approfondito la questione attraverso le piattaforme ufficiali e ha contattato fonti del Ministero della Difesa, che hanno chiarito alcuni dei punti pi\u00f9 controversi.<\/p>\n<div class=\"code-block code-block-11\">\n<div class=\"ai-rotate\" data-shares=\"WzUwLDYwLDcwLDgwLDkwLDEwMF0=\">\n<div class=\"ai-rotate-option\" data-index=\"1\" data-name=\"TmVzc3VuIGJhbm5lcg==\" data-code=\"Cgo=\"><\/div>\n<\/div>\n<\/div>\n<h2>Numero di truppe ed equipaggiamento<\/h2>\n<p>Facciamo un passo indietro: il 30 luglio, il giornalista del\u00a0<a href=\"https:\/\/www.ilgiornale.it\/news\/guerra\/una-guerra-infinita\/\" target=\"_blank\" rel=\"noopener\"><em>Giornale<\/em><\/a>\u00a0Fausto Biloslavo pubblica un articolo in cui rende noto che,\u00a0<strong>dalla seconda met\u00e0 di marzo 2026<\/strong>, la Difesa ha schierato \u00abun dispositivo dell\u2019Aeronautica a supporto delle forze armate e di sicurezza di Arabia Saudita, Kuwait e Bahrein\u00bb. Si tratta, scrive nell\u2019articolo, di\u00a0<strong>400 soldati<\/strong>,\u00a0<strong>affiancati da altre 300 truppe<\/strong>\u00a0<strong>terrestri<\/strong>, di cui circa la met\u00e0 in Arabia Saudita. Con essi, scrive Biloslavo, sono presenti un velivolo per la sorveglianza aerea, quattro caccia bombardieri e un velivolo per il trasporto tattico; il reparto terrestre \u00e8 invece equipaggiato con batterie antimissile SAMP\/T, un radar Kronos e una batteria antidrone Skynex. La rivista specializzata\u00a0<a href=\"https:\/\/www.rid.it\/shownews\/8253\/golfo-l-italia-protegge-i-suoi-alleati-con-la-task-force-arabia\" target=\"_blank\" rel=\"noopener\"><em>RID<\/em><\/a>\u00a0ha poi ricostruito che almeno una parte dei militari italiani in Arabia Saudita sarebbe\u00a0<strong>schierata presso la base aerea saudita di Al Taif<\/strong>, a circa 250 km dal confine con lo Yemen. La base risulta strategica per la sua posizione, essendo situata a qualche chilometro da Gedda, sul Mar Rosso, citt\u00e0 che ospita una base navale e un\u2019ulteriore base aerea.\u00a0<em>L\u2019Indipendente<\/em>\u00a0non \u00e8 riuscito a verificare tale informazione: una fonte del Ministero della Difesa ci ha spiegato che, per ragioni di tutela e sicurezza del personale,<strong>\u00a0l\u2019esatta dislocazione dei militari dispiegati non \u00e8 pubblica<\/strong>.<\/p>\n<p>Dopo la pubblicazione dell\u2019articolo del\u00a0<em>Giornale<\/em>, sul sito del Ministero della Difesa sono apparse le pagine dedicate alle missioni. Di preciso, si tratta di almeno due dispositivi: una\u00a0<a href=\"https:\/\/www.difesa.it\/operazionimilitari\/op-intern-corso\/task-force-land-cerbero\/contributo-nazionale\/108053.html\" target=\"_blank\" rel=\"noopener\">missione terrestre<\/a>,\u00a0<strong>Task Force Land \u2013 Cerbero<\/strong>, nell\u2019ambito della quale sono dispiegati circa 260 militari italiani tra Arabia Saudita, Emirati Arabi Uniti e Bahrein, dotati rispettivamente di sistemi SAMP\/T, batterie Skynex e radar Kronos; e una\u00a0<a href=\"https:\/\/www.difesa.it\/operazionimilitari\/op-intern-corso\/task-force-air-arabia-saudita\/contributo-nazionale\/105425.html\" target=\"_blank\" rel=\"noopener\">missione dell\u2019Aeronautica<\/a>,\u00a0<strong>Task Force Air \u2013 Arabia<\/strong>, che conta 400 soldati schierati in Arabia Saudita, Kuwait e Bahrein, dotati di un velivolo da trasporto, quattro caccia, un velivolo per la sorveglianza aerea e un sistema anti-drone ACUS-E. A queste si aggiungerebbe anche\u00a0<strong>Task Force Land \u2013 Arabia<\/strong>: menzionata da diversi media, la sua esistenza \u00e8\u00a0<a href=\"https:\/\/www.difesa.it\/protocollo\/aoo-difesa\/smd\/stflarab\/101688.html\" target=\"_blank\" rel=\"noopener\">confermata<\/a>\u00a0dallo stesso sito del Ministero della Difesa, che tuttavia non fornisce informazioni al riguardo.<\/p>\n<h2>La diatriba politica<\/h2>\n<p><img loading=\"lazy\" decoding=\"async\" class=\"alignnone size-full wp-image-167537 td-animation-stack-type0-2\" src=\"https:\/\/www.lindipendente.online\/wp-content\/uploads\/2025\/11\/Guido-Crosetto.png\" alt=\"\" width=\"1000\" height=\"667\" \/><\/p>\n<p>L\u2019articolo di Biloslavo ha scatenato un\u2019ondata di indignazione da parte delle opposizioni, che hanno denunciato la scarsa trasparenza del governo nei confronti del Parlamento e sollevato una\u00a0<a href=\"https:\/\/www.senato.it\/show-doc?leg=19&amp;tipodoc=Resaula&amp;id=1518123&amp;idoggetto=0&amp;part=doc_dc-allegatob_ab-sezionetit_i\" target=\"_blank\" rel=\"noopener\">interrogazione<\/a>\u00a0parlamentare. Crosetto, tuttavia, sostiene che\u00a0<strong>i nuovi dispositivi vadano considerati come una rimodulazione<\/strong>\u00a0di una spedizione gi\u00e0 esistente, \u00abillustrata con la massima trasparenza\u00bb a deputati e senatori. Il ministro della Difesa ha menzionato le\u00a0<a href=\"https:\/\/www.senato.it\/show-doc?id=1496701&amp;idoggetto=0&amp;leg=19&amp;part=doc_dc-allegatoa_aa&amp;tipodoc=Resaula\" target=\"_blank\" rel=\"noopener\">risoluzioni<\/a>\u00a0approvate lo scorso marzo in Parlamento, che impegnavano il governo a\u00a0<strong>rafforzare le capacit\u00e0 di difesa<\/strong>\u00a0e protezione delle missioni italiane attive in Medio Oriente, e specialmente quelle relative \u00abal mandato di cui alla scheda 04\/2025, prorogata\u00bb, mediante \u00abil dispiegamento e il rischieramento di sistemi di difesa aerea e antimissilistica e di sorveglianza\u00bb; ha poi menzionato che, il 14 e il 28 luglio, le Commissioni Esteri e Difesa di\u00a0<a href=\"https:\/\/www.senato.it\/attualita\/archivio-notizie\/19?day=14&amp;month=7&amp;year=2026\" target=\"_blank\" rel=\"noopener\">Senato<\/a>\u00a0e\u00a0<a href=\"https:\/\/temi.camera.it\/leg19\/temi\/autorizzazione-e-proroga-delle-missioni-internazionali-nel-2024_d_d.html\" target=\"_blank\" rel=\"noopener\">Camera<\/a>\u00a0hanno prorogato le \u00abmissioni, che confermano e comprendono un\u2019area che include l\u2019Arabia Saudita\u00bb.<\/p>\n<p>La \u00abscheda\u00bb a cui fanno riferimento le risoluzioni approvate \u00e8 uno dei documenti che compongono la\u00a0<a href=\"https:\/\/www.senato.it\/service\/PDF\/PDFServer\/DF\/441709.pdf\" target=\"_blank\" rel=\"noopener\">relazione<\/a>\u00a0con cui il governo sottopone al Parlamento le\u00a0<strong>missioni militari internazionali<\/strong>. La scheda 4 del 2025, in particolare, \u00e8 quella relativa a una missione in Iraq e Medio Oriente; qui, l\u2019Arabia Saudita\u00a0<strong>non compare esplicitamente tra le aree geografiche di intervento<\/strong>, mentre \u00e8 indicata l\u2019area del \u00abGolfo Arabico\u00bb. Con la\u00a0<a href=\"https:\/\/www.senato.it\/service\/PDF\/PDFServer\/BGT\/1507191.pdf\" target=\"_blank\" rel=\"noopener\">proroga<\/a>\u00a0delle missioni per il 2026, invece, l\u2019Arabia Saudita compare esplicitamente tra le aree di crisi. La\u00a0<a href=\"https:\/\/www.senato.it\/show-doc?id=1408937&amp;leg=19&amp;part=ddlpres_ddlpres1-altro_altro1&amp;part=ddlpres_ddlpres1&amp;tipodoc=DDLPRES\" target=\"_blank\" rel=\"noopener\">modifica<\/a>\u00a0del 2024 alla\u00a0<a href=\"https:\/\/www.normattiva.it\/uri-res\/N2Ls?urn:nir:stato:legge:2016;145\" target=\"_blank\" rel=\"noopener\">legge<\/a>\u00a0quadro sulle missioni internazionali, varata dallo stesso governo Meloni, stabilisce che il Governo debba trasmettere alle Camere le deliberazioni relative alle missioni internazionali indicando, per ciascuna di esse,\u00a0<strong>l\u2019area geografica di intervento<\/strong>, gli obiettivi, la base giuridica, l\u2019equipaggiamento e il numero di truppe da inviare, \u00abanche in modalit\u00e0 interoperabile con altre missioni nella medesima area geografica\u00bb. Il punto contestato \u00e8 proprio questo: la modifica introdotta dal governo consente \u00abdi\u00a0<strong>spostare forze e assetti nella stessa area geografica<\/strong>\u00a0dove gi\u00e0 insistono missioni autorizzate\u00bb,\u00a0<a href=\"https:\/\/retepacedisarmo.org\/2026\/missione-militare-in-arabia-saudita-rete-pace-disarmo-chiede-lo-stop-e-il-ritorno-in-parlamento\/\" target=\"_blank\" rel=\"noopener\">denuncia<\/a>\u00a0Rete Italiana Pace e Disarmo; \u00abun\u00a0riferimento generico dentro una tabella per aree non equivale ad aver illustrato al Parlamento uomini, mezzi, armamenti e obiettivi operativi di una missione\u00bb. Analogamente le opposizioni contestano la mancanza di un \u00abesplicito riferimento a operazioni\u00bb in Arabia Saudita.<\/p>\n<h2>Il ruolo delle truppe italiane in Arabia<\/h2>\n<p>Resta da comprendere cosa esattamente facciano le truppe italiane stanziate in Arabia Saudita e negli altri Paesi della Penisola. Il sito del Ministero specifica che il dispositivo terrestre ha lo scopo di\u00a0<strong>supportare le forze armate e di sicurezza di Arabia Saudita<\/strong>, Bahrein e Kuwait nella difesa del loro spazio aereo, anche attraverso capacit\u00e0 antimissile e antidrone. La Task Force situata in Arabia Saudita \u00e8 dotata di sistemi \u00abin grado di rilevare, identificare, tracciare e ingaggiare potenziali minacce aeree, tra cui droni e missili balistici\u00bb;\u00a0<strong>quella negli Emirati Arabi Uniti<\/strong>\u00a0dispone di equipaggiamenti \u00abin grado di scoprire minacce aeree di grandi, medie e piccole dimensioni\u00bb e caratterizzati da \u00abun elevato grado d\u2019efficacia contro la minaccia droni\u00bb; infine, il\u00a0<strong>radar Kronos situato in Bahrein<\/strong>\u00a0\u00abconsente la scoperta di aerei, droni e missili\u00bb. Una fonte del Ministero della Difesa ha spiegato a\u00a0<em>L\u2019Indipendente<\/em>\u00a0che i dispositivi dispiegati operano innanzitutto attraverso la condivisione delle informazioni con i Paesi del Golfo. Le rilevazioni del radar Kronos sarebbero dunque state\u00a0<strong>impiegate durante gli attacchi in entrata<\/strong>\u00a0per fornire informazioni utili ai Paesi della Penisola Arabica nelle operazioni di ingaggio dei missili.<\/p>\n<p>Alla stessa maniera, l\u2019obiettivo della missione dell\u2019Aeronautica \u00e8 quello di contribuire alla difesa aerea e alla sorveglianza dello spazio aereo dei Paesi partner del Golfo. I velivoli dispiegati hanno lo scopo \u00abdi\u00a0<strong>rilevare<\/strong>,\u00a0<strong>identificare e tracciare potenziali minacce aeree<\/strong>, fornendo ai livelli decisionali e agli altri assetti impiegati un quadro informativo aggiornato dell\u2019area di operazioni\u00bb; concorrere alla difesa dello spazio aereo in cui operano; abbattere droni di piccole dimensioni; infine svolgere missioni di trasporto tattico, supporto, sorveglianza e, in caso di emergenza, assistenza sanitaria. Non \u00e8 noto, tuttavia, se i militari italiani abbiano avuto un\u00a0<strong>ruolo attivo nella difesa dello spazio aereo<\/strong>\u00a0dei Paesi della Penisola. Sistemi come le batterie SAMP\/T dispiegate nell\u2019ambito della missione Cerbero sono infatti apparati ad alta specializzazione, il cui impiego operativo \u00e8 affidato ai militari della nazione che li gestisce. Se fossero stati utilizzati per ingaggiare una minaccia, dunque, a farlo\u00a0<strong>sarebbero stati i militari italiani<\/strong>. Interpellata da\u00a0<em>L\u2019Indipendente<\/em>, la fonte del Ministero della Difesa ha tuttavia affermato di non essere a conoscenza dell\u2019impiego di tali sistemi in operazioni di ingaggio.<\/p>\n<p><strong>FONTE:\u00a0<a href=\"https:\/\/www.lindipendente.online\/2026\/09\/01\/cosa-fanno-circa-700-soldati-italiani-nel-golfo-durante-la-guerra-alliran\/\">https:\/\/www.lindipendente.online\/2026\/09\/01\/cosa-fanno-circa-700-soldati-italiani-nel-golfo-durante-la-guerra-alliran\/<\/a><\/strong><\/p>\n","protected":false},"excerpt":{"rendered":"<p>di L&#8217;INDIPENDENTE (Dario Lucisano) \u00c8 certamente una delle operazioni militari pi\u00f9 delicate del momento per le forze armate italiane; ed \u00e8 anche parecchio misteriosa. La guerra degli Stati Uniti contro l\u2019Iran va avanti dall\u2019inizio di marzo e, a partire dalla met\u00e0 del medesimo mese, l\u2019Italia ha dispiegato nella regione centinaia dei suoi soldati. Le truppe tricolori si trovano in Bahrein, Emirati Arabi Uniti, Kuwait e, soprattutto, in Arabia Saudita. Le fonti ufficiali parlano di circa&#46;&#46;&#46;<\/p>\n","protected":false},"author":112,"featured_media":84764,"comment_status":"open","ping_status":"open","sticky":false,"template":"","format":"standard","meta":{"jetpack_post_was_ever_published":false,"_jetpack_newsletter_access":"","_jetpack_dont_email_post_to_subs":false,"_jetpack_newsletter_tier_id":0,"_jetpack_memberships_contains_paywalled_content":false,"_jetpack_memberships_contains_paid_content":false,"footnotes":"","jetpack_publicize_message":"","jetpack_publicize_feature_enabled":true,"jetpack_social_post_already_shared":true,"jetpack_social_options":{"image_generator_settings":{"template":"highway","enabled":false},"version":2}},"categories":[32],"tags":[],"jetpack_publicize_connections":[],"jetpack_featured_media_url":"https:\/\/appelloalpopolo.it\/wp-content\/uploads\/2024\/04\/LIndipendente.online.jpg","jetpack_sharing_enabled":true,"jetpack_shortlink":"https:\/\/wp.me\/p7ZaJ4-pb8","_links":{"self":[{"href":"https:\/\/appelloalpopolo.it\/index.php?rest_route=\/wp\/v2\/posts\/96790"}],"collection":[{"href":"https:\/\/appelloalpopolo.it\/index.php?rest_route=\/wp\/v2\/posts"}],"about":[{"href":"https:\/\/appelloalpopolo.it\/index.php?rest_route=\/wp\/v2\/types\/post"}],"author":[{"embeddable":true,"href":"https:\/\/appelloalpopolo.it\/index.php?rest_route=\/wp\/v2\/users\/112"}],"replies":[{"embeddable":true,"href":"https:\/\/appelloalpopolo.it\/index.php?rest_route=%2Fwp%2Fv2%2Fcomments&post=96790"}],"version-history":[{"count":1,"href":"https:\/\/appelloalpopolo.it\/index.php?rest_route=\/wp\/v2\/posts\/96790\/revisions"}],"predecessor-version":[{"id":96792,"href":"https:\/\/appelloalpopolo.it\/index.php?rest_route=\/wp\/v2\/posts\/96790\/revisions\/96792"}],"wp:featuredmedia":[{"embeddable":true,"href":"https:\/\/appelloalpopolo.it\/index.php?rest_route=\/wp\/v2\/media\/84764"}],"wp:attachment":[{"href":"https:\/\/appelloalpopolo.it\/index.php?rest_route=%2Fwp%2Fv2%2Fmedia&parent=96790"}],"wp:term":[{"taxonomy":"category","embeddable":true,"href":"https:\/\/appelloalpopolo.it\/index.php?rest_route=%2Fwp%2Fv2%2Fcategories&post=96790"},{"taxonomy":"post_tag","embeddable":true,"href":"https:\/\/appelloalpopolo.it\/index.php?rest_route=%2Fwp%2Fv2%2Ftags&post=96790"}],"curies":[{"name":"wp","href":"https:\/\/api.w.org\/{rel}","templated":true}]}}