{"id":96793,"date":"2026-09-03T08:00:59","date_gmt":"2026-09-03T06:00:59","guid":{"rendered":"https:\/\/appelloalpopolo.it\/?p=96793"},"modified":"2026-09-01T21:23:36","modified_gmt":"2026-09-01T19:23:36","slug":"grecia-e-israele-erigono-lo-scudo-di-achille-contro-la-turchia-e-altre-notizie-interessanti","status":"publish","type":"post","link":"https:\/\/appelloalpopolo.it\/?p=96793","title":{"rendered":"Grecia e Israele erigono lo Scudo di Achille contro la Turchia e altre notizie interessanti"},"content":{"rendered":"<p><strong>di LIMES (Mirko Mussetti)<\/strong><\/p>\n<header class=\"story-header is-large\">\n<div class=\"story-header__container\">\n<figure class=\"story-header__media\"><img loading=\"lazy\" decoding=\"async\" src=\"https:\/\/www.gedistatic.it\/content\/gedi\/img\/limesonline\/2026\/09\/01\/102624320-0dbdc75b-88a8-4795-bc77-1bd36ff103dd.jpg\" alt=\"Per consultare la mappa &amp;quot;I fronti della sfida Turchia-Israele&amp;quot; &lt;u&gt;&lt;a href=https:\/\/www.limesonline.com\/carte\/carta-inedita-della-settimana\/i-fronti-della-sfida-turchia-israele-22591276\/&gt;clicca qui&lt;\/a&gt;&lt;\/u&gt;\" width=\"1280\" height=\"853\" \/><figcaption>Per consultare la mappa &#8220;I fronti della sfida Turchia-Israele&#8221;<u><a href=\"https:\/\/www.limesonline.com\/carte\/carta-inedita-della-settimana\/i-fronti-della-sfida-turchia-israele-22591276\/\">clicca qui<\/a><\/u>\u00a0<\/figcaption><\/figure>\n<\/div>\n<\/header>\n<div class=\"story__bottom-wrapper\">\n<div class=\"story__main\">\n<div class=\"story__wrapper\">\n<div class=\"story__content\">\n<div class=\"story__text\">\n<h2><strong>Grecia &#8211; Israele<\/strong><\/h2>\n<p>I ministri della Difesa di Israele e Grecia\u00a0<a href=\"https:\/\/www.politico.eu\/article\/israel-greece-strike-3b-air-defense-deal\/\" target=\"_blank\" rel=\"noopener\">hanno siglato<\/a>\u00a0a Tel Aviv un accordo da 3 miliardi di euro per la realizzazione di un sistema integrato e multilivello di difesa aerea chiamato Scudo di Achille. La tecnologia concepita e in buona parte realizzata\u00a0nello Stato ebraico servir\u00e0 principalmente a rafforzare la difesa aerea ellenica nel Mar Egeo. La pi\u00f9 grande compravendita di materiale bellico tra i due paesi mediterranei non riguarda solo la sfera prettamente militare. Maschera invero\u00a0un interesse geopolitico condiviso pi\u00f9 profondo: contenere l&#8217;assertivit\u00e0 della Turchia, gi\u00e0 nemico storico della Grecia e ormai\u00a0rivale numero uno\u00a0di Israele in Medio Oriente.<\/p>\n<p>Per approfondire:\u00a0<a href=\"https:\/\/www.limesonline.com\/rivista\/tra-egeo-e-cipro-ankara-prepara-la-sfida-con-israele-22450848\/\" target=\"_blank\" rel=\"noopener\"><em>Tra Egeo e Cipro Ankara prepara la sfida con Israele<\/em><\/a><\/p>\n<p>&nbsp;<\/p>\n<section class=\"inline-article\">\n<article>\n<figure class=\"inline-article__media\"><a href=\"https:\/\/www.limesonline.com\/rivista\/la-grecia-raccoglie-la-sfida-per-i-confini-del-mare-22456331\/\"><img loading=\"lazy\" decoding=\"async\" src=\"https:\/\/www.gedistatic.it\/content\/gedi\/img\/limesonline\/2026\/07\/30\/110428026-a63a9e6c-cb19-4642-af15-d1e980e28ddd.jpg\" alt=\"\" width=\"800\" height=\"534\" \/><\/a><\/figure>\n<div class=\"inline-article__content\">\n<h4 class=\"inline-article__title\"><a href=\"https:\/\/www.limesonline.com\/rivista\/la-grecia-raccoglie-la-sfida-per-i-confini-del-mare-22456331\/\">La Grecia raccoglie la sfida per i confini del mare<\/a><\/h4>\n<\/div>\n<\/article>\n<\/section>\n<p>&nbsp;<\/p>\n<hr \/>\n<h2><strong>Spagna<\/strong><\/h2>\n<p>Il primo ministro Pedro S\u00e1nchez ha definito la crisi migratoria di Ceuta un &#8220;<a href=\"https:\/\/www.ft.com\/content\/306358c2-3597-40dd-b2cd-534073c35fde?syn-25a6b1a6=1\" target=\"_blank\" rel=\"noopener\">attacco ibrido<\/a>&#8221; alla Spagna, accusando presunti attori russi e israeliani di aver alimentato la disinformazione sull&#8217;afflusso di migranti. Secondo il premier socialista, l&#8217;assalto all&#8217;<em>exclave<\/em>\u00a0spagnola sarebbe stato innescato dalla diffusione di false informazioni su una sentenza della Corte suprema di Madrid emessa all&#8217;inizio di luglio, male interpretata come garanzia di non respingimento verso il Marocco per chiunque avesse raggiunto la citt\u00e0 autonoma. S\u00e1nchez ritiene che account registrati in Russia e Israele abbiano intenzionalmente amplificato sui social questi messaggi fuorvianti\u00a0per minare la stabilit\u00e0 del paese iberico, assolvendo di fatto le autorit\u00e0 e i servizi segreti marocchini dalle proprie responsabilit\u00e0.<\/p>\n<p>Per approfondire:\u00a0<a href=\"https:\/\/www.limesonline.com\/articoli\/ceuta-e-melilla-la-storia-che-torna-a-galla-22587833\/\" target=\"_blank\" rel=\"noopener\"><em>Ceuta e Melilla, eredit\u00e0 coloniali o cerniera euro-africana?<\/em><\/a><\/p>\n<p>&nbsp;<\/p>\n<figure class=\"inline-photo\"><img loading=\"lazy\" decoding=\"async\" class=\" lazyloaded\" src=\"https:\/\/www.gedistatic.it\/content\/gedi\/img\/limesonline\/2026\/09\/01\/091430780-c7dcc257-3bbb-4788-bc8f-3b9fc4d4517d.jpg\" alt=\"Carta di Laura Canali - 2012\" width=\"1280\" height=\"853\" data-src=\"https:\/\/www.gedistatic.it\/content\/gedi\/img\/limesonline\/2026\/09\/01\/091430780-c7dcc257-3bbb-4788-bc8f-3b9fc4d4517d.jpg\" \/><figcaption>Carta di Laura Canali &#8211; 2012\u00a0<\/figcaption><\/figure>\n<p>&nbsp;<\/p>\n<hr \/>\n<h2><strong>USA &#8211; Indonesia<\/strong><\/h2>\n<p>L\u2019Indonesia, gli Stati Uniti e pi\u00f9 di\u00a0una dozzina di paesi alleati\u00a0<a href=\"https:\/\/www.scmp.com\/news\/asia\/southeast-asia\/article\/3365815\/indonesia-us-joint-military-drills-allies-kick-4700-soldiers\" target=\"_blank\" rel=\"noopener\">hanno dato il via<\/a>\u00a0alle annuali esercitazioni militari congiunte\u00a0<a href=\"https:\/\/id.usembassy.gov\/super-garuda-shield-2026-opens-in-indonesia-reinforcing-united-states-indonesia-strategic-partnership\/\" target=\"_blank\" rel=\"noopener\">Super Garuda Shield<\/a>\u00a0nello spazio terracqueo dell&#8217;esteso\u00a0arcipelago australasiatico. L\u2019obiettivo \u00e8 di rafforzare le capacit\u00e0 di difesa e coordinamento nei mari del Sud-Est asiatico in chiave velatamente anticinese. L\u2019edizione del 2026 coinvolge 4.700 soldati\u00a0\u2013\u00a0provenienti anche da Regno Unito, Francia e Giappone\u00a0\u2013\u00a0in diverse localit\u00e0, tra cui le grandi isole di Sumatra e Borneo.<\/p>\n<p>Per approfondire:\u00a0<a href=\"https:\/\/www.limesonline.com\/rivista\/la-geopolitica-del-mare-dell-indonesia-indo-pacifico-sfida-usa-cina-17720942\/\" target=\"_blank\" rel=\"noopener\"><em>L&#8217;Indonesia si faccia perno marittimo globale<\/em><\/a><\/p>\n<figure class=\"inline-photo\"><img loading=\"lazy\" decoding=\"async\" class=\" lazyloaded\" src=\"https:\/\/www.gedistatic.it\/content\/gedi\/img\/limesonline\/2026\/09\/01\/092610446-07b93089-fec2-4f26-b3e1-fbce4a205071.jpg\" alt=\"Carta di Laura Canali - 2024\" width=\"1280\" height=\"853\" data-src=\"https:\/\/www.gedistatic.it\/content\/gedi\/img\/limesonline\/2026\/09\/01\/092610446-07b93089-fec2-4f26-b3e1-fbce4a205071.jpg\" \/><figcaption>Carta di Laura Canali &#8211; 2024\u00a0<\/figcaption><\/figure>\n<p>&nbsp;<\/p>\n<hr \/>\n<h2><strong>Pacifico<\/strong><\/h2>\n<p>La Repubblica Popolare Cinese\u00a0<a href=\"https:\/\/www.reuters.com\/world\/china\/china-warns-consequences-over-taiwans-attendance-pacific-leaders-meeting-2026-09-01\/\" target=\"_blank\" rel=\"noopener\">ha avvertito<\/a>\u00a0i paesi membri del Forum delle isole del Pacifico (<a href=\"https:\/\/forumsec.org\/pacific-islands-forum\" target=\"_blank\" rel=\"noopener\">Pif<\/a>) che ci saranno &#8220;conseguenze&#8221; per la partecipazione di Taiwan al\u00a055\u00b0 vertice annuale\u00a0organizzato a Palau (30 agosto &#8211; 4 settembre 2026):\u00a0&#8220;Le autorit\u00e0 di Taiwan hanno mandato Lin Chia-lung e altri separatisti\u00a0a fare visite furtive in giro\u00a0nel vano tentativo di attirare l&#8217;attenzione.\u00a0Il risultato non pu\u00f2 che essere quello di\u00a0attirare vergogna su di loro&#8221;.\u00a0Le costanti tensioni tra Pechino e Taipei sono da tempo al centro dei dibattiti\u00a0del Pif, che punta a coordinare le politiche dei membri in tema di sicurezza, cambiamento climatico, sviluppo economico e relazioni internazionali.<\/p>\n<p>Nel frattempo, a\u00a0margine del Forum a Koror, Stati Uniti e Nuova Zelanda\u00a0<a href=\"https:\/\/www.reuters.com\/world\/asia-pacific\/new-zealand-us-fund-cook-islands-port-upgrade-2026-09-01\/\" target=\"_blank\" rel=\"noopener\">hanno deciso di finanziare<\/a>\u00a0un importante porto risalente alla seconda guerra mondiale su un atollo delle isole Cook. Washington\u00a0e Wellington stanzieranno rispettivamente 50 milioni di dollari e 17,5 milioni di dollari neozelandesi. L&#8217;Anglosfera punta cos\u00ec ad arginare la presenza sempre pi\u00f9 pervasiva della Cina nell&#8217;Oceano Pacifico meridionale.<\/p>\n<p>Per approfondire:\u00a0<a href=\"https:\/\/www.limesonline.com\/rivista\/il-piano-della-cina-per-non-morire-di-stretti-22446345\/\" target=\"_blank\" rel=\"noopener\"><em>Il piano della Cina per non morire di stretti<\/em><\/a><\/p>\n<p>&nbsp;<\/p>\n<figure class=\"inline-photo\"><img loading=\"lazy\" decoding=\"async\" class=\" lazyloaded\" src=\"https:\/\/www.gedistatic.it\/content\/gedi\/img\/limesonline\/2026\/09\/01\/100444323-02df22bf-f65c-40df-b855-8bd312368538.jpg\" alt=\"Carta di Laura Canali - 2024\" width=\"1280\" height=\"853\" data-src=\"https:\/\/www.gedistatic.it\/content\/gedi\/img\/limesonline\/2026\/09\/01\/100444323-02df22bf-f65c-40df-b855-8bd312368538.jpg\" \/><\/figure>\n<\/div>\n<\/div>\n<\/div>\n<\/div>\n<\/div>\n<p>&nbsp;<\/p>\n<p><strong>FONTE:\u00a0<a href=\"https:\/\/www.limesonline.com\/rubriche\/il-mondo-oggi\/grecia-israele-egeo-usa-indonesia-cina-taiwan-pacifico-isole-cook-nuova-zelanda-spagna-ceuta-migranti-22622497\/?ref=LHTP-BH-I0-P2-S2-T1\">https:\/\/www.limesonline.com\/rubriche\/il-mondo-oggi\/grecia-israele-egeo-usa-indonesia-cina-taiwan-pacifico-isole-cook-nuova-zelanda-spagna-ceuta-migranti-22622497\/?ref=LHTP-BH-I0-P2-S2-T1<\/a><\/strong><\/p>\n","protected":false},"excerpt":{"rendered":"<p>di LIMES (Mirko Mussetti) Per consultare la mappa &#8220;I fronti della sfida Turchia-Israele&#8221;clicca qui\u00a0 Grecia &#8211; Israele I ministri della Difesa di Israele e Grecia\u00a0hanno siglato\u00a0a Tel Aviv un accordo da 3 miliardi di euro per la realizzazione di un sistema integrato e multilivello di difesa aerea chiamato Scudo di Achille. La tecnologia concepita e in buona parte realizzata\u00a0nello Stato ebraico servir\u00e0 principalmente a rafforzare la difesa aerea ellenica nel Mar Egeo. La pi\u00f9 grande&#46;&#46;&#46;<\/p>\n","protected":false},"author":112,"featured_media":90005,"comment_status":"open","ping_status":"open","sticky":false,"template":"","format":"standard","meta":{"jetpack_post_was_ever_published":false,"_jetpack_newsletter_access":"","_jetpack_dont_email_post_to_subs":false,"_jetpack_newsletter_tier_id":0,"_jetpack_memberships_contains_paywalled_content":false,"_jetpack_memberships_contains_paid_content":false,"footnotes":"","jetpack_publicize_message":"","jetpack_publicize_feature_enabled":true,"jetpack_social_post_already_shared":true,"jetpack_social_options":{"image_generator_settings":{"template":"highway","enabled":false},"version":2}},"categories":[32],"tags":[],"jetpack_publicize_connections":[],"jetpack_featured_media_url":"https:\/\/appelloalpopolo.it\/wp-content\/uploads\/2025\/05\/IMG_0522.jpeg","jetpack_sharing_enabled":true,"jetpack_shortlink":"https:\/\/wp.me\/p7ZaJ4-pbb","_links":{"self":[{"href":"https:\/\/appelloalpopolo.it\/index.php?rest_route=\/wp\/v2\/posts\/96793"}],"collection":[{"href":"https:\/\/appelloalpopolo.it\/index.php?rest_route=\/wp\/v2\/posts"}],"about":[{"href":"https:\/\/appelloalpopolo.it\/index.php?rest_route=\/wp\/v2\/types\/post"}],"author":[{"embeddable":true,"href":"https:\/\/appelloalpopolo.it\/index.php?rest_route=\/wp\/v2\/users\/112"}],"replies":[{"embeddable":true,"href":"https:\/\/appelloalpopolo.it\/index.php?rest_route=%2Fwp%2Fv2%2Fcomments&post=96793"}],"version-history":[{"count":1,"href":"https:\/\/appelloalpopolo.it\/index.php?rest_route=\/wp\/v2\/posts\/96793\/revisions"}],"predecessor-version":[{"id":96794,"href":"https:\/\/appelloalpopolo.it\/index.php?rest_route=\/wp\/v2\/posts\/96793\/revisions\/96794"}],"wp:featuredmedia":[{"embeddable":true,"href":"https:\/\/appelloalpopolo.it\/index.php?rest_route=\/wp\/v2\/media\/90005"}],"wp:attachment":[{"href":"https:\/\/appelloalpopolo.it\/index.php?rest_route=%2Fwp%2Fv2%2Fmedia&parent=96793"}],"wp:term":[{"taxonomy":"category","embeddable":true,"href":"https:\/\/appelloalpopolo.it\/index.php?rest_route=%2Fwp%2Fv2%2Fcategories&post=96793"},{"taxonomy":"post_tag","embeddable":true,"href":"https:\/\/appelloalpopolo.it\/index.php?rest_route=%2Fwp%2Fv2%2Ftags&post=96793"}],"curies":[{"name":"wp","href":"https:\/\/api.w.org\/{rel}","templated":true}]}}