{"id":96797,"date":"2026-09-02T15:47:53","date_gmt":"2026-09-02T13:47:53","guid":{"rendered":"https:\/\/appelloalpopolo.it\/?p=96797"},"modified":"2026-09-02T15:47:53","modified_gmt":"2026-09-02T13:47:53","slug":"il-maccartismo-di-slava-parioli-e-il-suo-amico-nella-lista-di-epstein","status":"publish","type":"post","link":"https:\/\/appelloalpopolo.it\/?p=96797","title":{"rendered":"Il maccartismo di Slava Parioli (e il suo amico nella lista di Epstein)"},"content":{"rendered":"<p style=\"text-align: justify\"><strong>di GIUSEPPE MASALA CHILI (Pino Cabras)<\/strong><\/p>\n<p style=\"text-align: justify\"><img loading=\"lazy\" decoding=\"async\" class=\"alignnone size-medium wp-image-96798\" src=\"https:\/\/appelloalpopolo.it\/wp-content\/uploads\/2026\/09\/IMG_20260902_154256_942-300x300.jpg\" alt=\"\" width=\"300\" height=\"300\" srcset=\"https:\/\/appelloalpopolo.it\/wp-content\/uploads\/2026\/09\/IMG_20260902_154256_942-300x300.jpg 300w, https:\/\/appelloalpopolo.it\/wp-content\/uploads\/2026\/09\/IMG_20260902_154256_942-1024x1024.jpg 1024w, https:\/\/appelloalpopolo.it\/wp-content\/uploads\/2026\/09\/IMG_20260902_154256_942-150x150.jpg 150w, https:\/\/appelloalpopolo.it\/wp-content\/uploads\/2026\/09\/IMG_20260902_154256_942-768x768.jpg 768w, https:\/\/appelloalpopolo.it\/wp-content\/uploads\/2026\/09\/IMG_20260902_154256_942-80x80.jpg 80w, https:\/\/appelloalpopolo.it\/wp-content\/uploads\/2026\/09\/IMG_20260902_154256_942-320x320.jpg 320w, https:\/\/appelloalpopolo.it\/wp-content\/uploads\/2026\/09\/IMG_20260902_154256_942.jpg 1254w\" sizes=\"(max-width: 300px) 100vw, 300px\" \/><\/p>\n<p style=\"text-align: justify\">Stamattina Carlo Calenda ha twittato la sintesi perfetta di dove vuole portarci. AfD, Rassemblement National, Futuro Nazionale, Lega, M5S e il Fatto Quotidiano sono, testuale, \u00aballeati e propagandisti\u00bb di \u00abun dittatore che porta attacchi diretti al cuore dell&#8217;Europa\u00bb, e dunque &#8211; sillogismo suo -\u00abtraditori al soldo di una potenza nemica\u00bb che \u00abnon possono essere parte del normale gioco democratico\u00bb e \u00abvanno isolati e perseguiti a norma di legge\u00bb.<\/p>\n<p style=\"text-align: justify\">Per arrivarci propone di attivare \u00abil meccanismo previsto nella nostra proposta di scudo democratico\u00bb, cio\u00e8 rafforzare i poteri d&#8217;indagine dei servizi di sicurezza e la vigilanza sul sostegno alle campagne social di partiti, movimenti e persino di un giornale.<\/p>\n<p style=\"text-align: justify\">Chiude minaccioso: se non lo faremo, scrive, \u00abla democrazia Europea verr\u00e0 smontata dall&#8217;interno\u00bb.<\/p>\n<p style=\"text-align: justify\">Ecco, Slava Parioli: la democrazia la si smonta precisamente mandando gli 007 a schedare il consenso agli avversari. Immaginate la sua faccia mentre scrive queste bestialit\u00e0? Lo so bene che ve la figurate benissimo.<\/p>\n<p style=\"text-align: justify\">Il precedente \u00e8 fresco, ed \u00e8 tutt&#8217;altro che astratto: in Romania le presidenziali del 2024 sono state annullate per sospette interferenze straniere e C\u0103lin Georgescu, vincitore del primo turno, \u00e8 stato escluso dalla ripetizione del voto.<\/p>\n<p style=\"text-align: justify\">Calenda vuole gi\u00e0 impedire ai pacifisti italiani di presentarsi alle elezioni? Questo non lo scrive, ma cosa dobbiamo pensare, unendo i puntini della sua lista di proscrizione? Diciamo pure che sta arando il terreno concettuale perch\u00e9 il dissenso sulla guerra smetta di essere competizione democratica e diventi materia per i servizi.<\/p>\n<p style=\"text-align: justify\">Prima si etichetta il nemico con zelo questurino, poi si costruisce con calma l&#8217;infrastruttura legale per occuparsene.<\/p>\n<p style=\"text-align: justify\">E allora, gi\u00e0 che ci siamo, applichiamo il metodo Calenda a Calenda. Nel 2022 fu proprio lui a denunciare che George Soros aveva messo 1,5 milioni di euro a disposizione di candidati dell&#8217;area +Europa, sostenendo che dietro ci fosse pure una condizione politica. Della Vedova sment\u00ec la condizione, ma conferm\u00f2 i finanziamenti diretti ad alcuni candidati, guarda un po\u2019.<\/p>\n<p style=\"text-align: justify\">Oggi il presidente di +Europa, Matteo Hallissey, costruisce insieme a Calenda e Picierno il cantiere &#8220;Europeisti&#8221;. E mentre lui va a caccia di soldi sospetti altrove, la sua Azione ha fatto stanziare 1,2 milioni di euro pubblici in due anni per la Fondazione Einaudi, diventata nel frattempo uno dei riferimenti culturali del suo progetto centrista.<\/p>\n<p style=\"text-align: justify\">Chi decide, di grazia, quali flussi di denaro sono &#8220;interferenza nemica&#8221; e quali sono un nobile contributo alla causa? Il criterio, si sa, dipende da chi lo applica. E su chi.<\/p>\n<p style=\"text-align: justify\">E c&#8217;\u00e8 un capitolo di questo stesso conto che Calenda porta scritto addosso, letteralmente. Si \u00e8 tatuato il tridente, simbolo nazionale ucraino, e a Kiev ci va spesso, di persona, a stringere la mano a una classe dirigente che \u00e8 tra le idrovore di denaro straniero pi\u00f9 impressionanti oggi in circolazione: un sistema dove la lotta per i miliardi del bengodi bellico e le accuse reciproche di ruberie si combattono senza esclusione di colpi, dentro una spinta al riarmo che \u00e8 insieme una spinta all&#8217;integrazione &#8211; anche di enormi flussi monetari, e non proprio facili da rendicontare &#8211; fra Kiev e le capitali europee.<\/p>\n<p style=\"text-align: justify\">Se il criterio fosse davvero \u00abchi maneggia flussi opachi di denaro straniero va isolato e perseguito\u00bb, converrebbe chiedersi che ci fa lui, tridente sul braccio, in mezzo a quel bancomat geopolitico.<\/p>\n<p style=\"text-align: justify\">C&#8217;\u00e8 una differenza, va detto: Crosetto, che si \u00e8 appena ingaggiato l\u2019ex ministro ucraino Mykhailo Fedorov come consulente, \u00e8 un lobbista che ce l&#8217;ha fatta. Calenda, per ora, \u00e8 ancora nella fase dilettantistica.<\/p>\n<p style=\"text-align: justify\">E poi c&#8217;\u00e8 Epstein. Ieri il deputato repubblicano americano Thomas Massie ha fatto alla Camera i nomi di quattordici persone che chiede vengano investigate come presunti &#8220;co-conspirators&#8221; nell&#8217;affare legato al super-pedofilo accusato di efferati delitti: un&#8217;accusa politica pronunciata in aula, non una sentenza n\u00e9 una prova di colpevolezza, e lo diciamo con la stessa onest\u00e0 che pretenderemmo dagli altri. Tra i quattordici c&#8217;\u00e8 Lapo Elkann, in compagnia &#8211; tanto per capire il livello della lista &#8211; del principe Andrea e del mago David Copperfield. E Lapo Elkann, per chi non lo ricordasse, \u00e8 l&#8217;amico con cui Calenda ha vissuto e a cui nel 2025 dedicava parole da San Valentino: \u00abCon Lapo sono amico, gli voglio bene\u00bb.<\/p>\n<p style=\"text-align: justify\">Questo dimostra qualcosa contro Calenda? No, e non \u00e8 nemmeno la domanda giusta.<\/p>\n<p style=\"text-align: justify\">Se applicassimo al leader di Azione il suo stesso &#8216;principio di sospetto per associazione&#8217; &#8211; quello per cui una foto, un&#8217;amicizia o un soggiorno all&#8217;estero bastano a bollare qualcuno come &#8216;agente d&#8217;influenza&#8217; &#8211; l&#8217;intero suo network personale e politico finirebbe polverizzato in un secondo, anche senza guardare la sua faccia. \u00c8 la dimostrazione logica che il sospetto eretto a sistema \u00e8 un&#8217;arma boomerang: un&#8217;invenzione illiberale che distrugge la presunzione d&#8217;innocenza per sostituirla con la gogna.<\/p>\n<p style=\"text-align: justify\">La domanda giusta \u00e8: se per il nostro No Pax preferito un&#8217;amicizia, un soggiorno all&#8217;estero o un flusso di denaro bastano a far scattare il sospetto di intelligenza col nemico, perch\u00e9 lui dovrebbe essere l&#8217;unico esentato dal proprio identico metro?<\/p>\n<p style=\"text-align: justify\">Lo sappiamo bene: un&#8217;amicizia non \u00e8 una prova, e pensare che la pace convenga pi\u00f9 della guerra non fa di nessuno un agente di Mosca. Una democrazia vera processa i reati dopo averli provati. Non timbra prima &#8220;nemico&#8221; su milioni di elettori, su partiti e su un giornale, per poi mandare i servizi a cercare il reato che giustifichi il timbro.<\/p>\n<p style=\"text-align: justify\">Quello di Calenda non \u00e8 uno scudo democratico. \u00c8 maccartismo, con l&#8217;accento pariolino e le piste elkanniane e zelenskiane.<\/p>\n<p style=\"text-align: justify\"><strong>Fonte:\u00a0<a href=\"https:\/\/t.me\/giuseppemasala\/131628\">https:\/\/t.me\/giuseppemasala\/131628<\/a><\/strong><\/p>\n","protected":false},"excerpt":{"rendered":"<p>di GIUSEPPE MASALA CHILI (Pino Cabras) Stamattina Carlo Calenda ha twittato la sintesi perfetta di dove vuole portarci. AfD, Rassemblement National, Futuro Nazionale, Lega, M5S e il Fatto Quotidiano sono, testuale, \u00aballeati e propagandisti\u00bb di \u00abun dittatore che porta attacchi diretti al cuore dell&#8217;Europa\u00bb, e dunque &#8211; sillogismo suo -\u00abtraditori al soldo di una potenza nemica\u00bb che \u00abnon possono essere parte del normale gioco democratico\u00bb e \u00abvanno isolati e perseguiti a norma di legge\u00bb. Per&#46;&#46;&#46;<\/p>\n","protected":false},"author":95,"featured_media":95987,"comment_status":"open","ping_status":"open","sticky":false,"template":"","format":"standard","meta":{"jetpack_post_was_ever_published":false,"_jetpack_newsletter_access":"","_jetpack_dont_email_post_to_subs":false,"_jetpack_newsletter_tier_id":0,"_jetpack_memberships_contains_paywalled_content":false,"_jetpack_memberships_contains_paid_content":false,"footnotes":"","jetpack_publicize_message":"","jetpack_publicize_feature_enabled":true,"jetpack_social_post_already_shared":true,"jetpack_social_options":{"image_generator_settings":{"template":"highway","enabled":false},"version":2}},"categories":[32],"tags":[],"jetpack_publicize_connections":[],"jetpack_featured_media_url":"https:\/\/appelloalpopolo.it\/wp-content\/uploads\/2026\/06\/GiuseppeMasalaChili.jpg","jetpack_sharing_enabled":true,"jetpack_shortlink":"https:\/\/wp.me\/p7ZaJ4-pbf","_links":{"self":[{"href":"https:\/\/appelloalpopolo.it\/index.php?rest_route=\/wp\/v2\/posts\/96797"}],"collection":[{"href":"https:\/\/appelloalpopolo.it\/index.php?rest_route=\/wp\/v2\/posts"}],"about":[{"href":"https:\/\/appelloalpopolo.it\/index.php?rest_route=\/wp\/v2\/types\/post"}],"author":[{"embeddable":true,"href":"https:\/\/appelloalpopolo.it\/index.php?rest_route=\/wp\/v2\/users\/95"}],"replies":[{"embeddable":true,"href":"https:\/\/appelloalpopolo.it\/index.php?rest_route=%2Fwp%2Fv2%2Fcomments&post=96797"}],"version-history":[{"count":1,"href":"https:\/\/appelloalpopolo.it\/index.php?rest_route=\/wp\/v2\/posts\/96797\/revisions"}],"predecessor-version":[{"id":96799,"href":"https:\/\/appelloalpopolo.it\/index.php?rest_route=\/wp\/v2\/posts\/96797\/revisions\/96799"}],"wp:featuredmedia":[{"embeddable":true,"href":"https:\/\/appelloalpopolo.it\/index.php?rest_route=\/wp\/v2\/media\/95987"}],"wp:attachment":[{"href":"https:\/\/appelloalpopolo.it\/index.php?rest_route=%2Fwp%2Fv2%2Fmedia&parent=96797"}],"wp:term":[{"taxonomy":"category","embeddable":true,"href":"https:\/\/appelloalpopolo.it\/index.php?rest_route=%2Fwp%2Fv2%2Fcategories&post=96797"},{"taxonomy":"post_tag","embeddable":true,"href":"https:\/\/appelloalpopolo.it\/index.php?rest_route=%2Fwp%2Fv2%2Ftags&post=96797"}],"curies":[{"name":"wp","href":"https:\/\/api.w.org\/{rel}","templated":true}]}}