{"id":96800,"date":"2026-09-02T15:54:38","date_gmt":"2026-09-02T13:54:38","guid":{"rendered":"https:\/\/appelloalpopolo.it\/?p=96800"},"modified":"2026-09-02T15:54:38","modified_gmt":"2026-09-02T13:54:38","slug":"ben-gvir-e-la-decisione-sugli-ebrei-anti-sionisti-che-divide-israele","status":"publish","type":"post","link":"https:\/\/appelloalpopolo.it\/?p=96800","title":{"rendered":"Ben Gvir e la decisione sugli &#8220;ebrei anti-sionisti&#8221; che divide Israele"},"content":{"rendered":"<p style=\"text-align: justify\"><strong>di L&#8217;ANTIDIPLOMATICO (Redazione)<\/strong><\/p>\n<p><img loading=\"lazy\" decoding=\"async\" class=\"alignnone size-medium wp-image-96801\" src=\"https:\/\/appelloalpopolo.it\/wp-content\/uploads\/2026\/09\/350x200c50-27-300x171.webp\" alt=\"\" width=\"300\" height=\"171\" srcset=\"https:\/\/appelloalpopolo.it\/wp-content\/uploads\/2026\/09\/350x200c50-27-300x171.webp 300w, https:\/\/appelloalpopolo.it\/wp-content\/uploads\/2026\/09\/350x200c50-27.webp 350w\" sizes=\"(max-width: 300px) 100vw, 300px\" \/><\/p>\n<p style=\"text-align: justify\">Secondo quanto ricostruito da Nadav Rapaport su Middle East Eye, il ministro della Sicurezza nazionale israeliano Itamar Ben Gvir ha disposto il divieto di porto d&#8217;armi per una specifica comunit\u00e0 ultraortodossa antisionista residente a Beit Shemesh. La notizia \u00e8 stata inizialmente resa nota dal quotidiano israeliano Israel Hayom.<\/p>\n<p style=\"text-align: justify\">Come illustrato da Rapaport, il ministro di estrema destra ha esteso la sua drastica riforma sulle armi proprio a Beit Shemesh \u2014 cittadina nei pressi di Gerusalemme con una cospicua popolazione ultraortodossa \u2014, allentando i criteri per consentire a un numero sempre maggiore di residenti di armarsi.<\/p>\n<p style=\"text-align: justify\">Come ricorda l&#8217;analisi di Middle East Eye, gi\u00e0 nell&#8217;ottobre del 2023 Israele aveva approvato nuove normative che snellivano i requisiti per l&#8217;acquisto di armi da fuoco da parte dei civili. Da quando Ben Gvir si \u00e8 insediato, circa 300.000 cittadini israeliani hanno ottenuto il porto d&#8217;armi, ed \u00e8 stata estesa la possibilit\u00e0 di richiederlo ai residenti di oltre 200 comunit\u00e0 e comuni in tutto il Paese. Tuttavia, sebbene la stragrande maggioranza degli abitanti di Beit Shemesh rientrasse nei nuovi parametri, la comunit\u00e0 ultraortodossa antisionista dei Neturei Karta ne \u00e8 stata deliberatamente esclusa.<\/p>\n<p style=\"text-align: justify\">L&#8217;idoneit\u00e0 all&#8217;ottenimento della licenza \u00e8 stata definita su base geografica: la polizia israeliana e l&#8217;ufficio di Ben Gvir hanno letteralmente tracciato la mappa dei requisiti escludendo le vie in cui risiedono i membri del gruppo.<\/p>\n<p style=\"text-align: justify\">In un&#8217;intervista rilasciata alla stampa locale e ripresa da Rapaport, il ministro ha rivendicato con orgoglio la decisione: \u00abSono fiero di proseguire la riforma sugli armamenti e di estenderla a Beit Shemesh. Gli abitanti di questa citt\u00e0, come tutti i cittadini che amano lo Stato di Israele, hanno il diritto fondamentale di difendere se stessi e i propri familiari\u00bb.<\/p>\n<p style=\"text-align: justify\">Il riferimento esplicito alla comunit\u00e0 Neturei Karta (\u00abguardiani della citt\u00e0\u00bb in aramaico) non \u00e8 casuale. Si tratta di un gruppo ultraortodosso minoritario che rifiuta l&#8217;esistenza stessa di uno Stato ebraico prima della venuta del Messia, manifestando spesso a favore della causa palestinese e rifiutando ogni contatto con le istituzioni israeliane. \u00abChiunque si vanti di sventolare la bandiera dell&#8217;OLP e si faccia fotografare con i terroristi \u00e8 un nemico\u00bb, ha dichiarato Ben Gvir per giustificare il blocco selettivo. \u00abPertanto, i quartieri degli estremisti sono stati esclusi\u00bb.<\/p>\n<p style=\"text-align: justify\">Come evidenzia Rapaport citando dati ufficiali e report di testate come Haaretz, The Jerusalem Post e Times of Israel, prima dell&#8217;arrivo di Ben Gvir i licenziatari erano circa 170.000: una cifra che \u00e8 pi\u00f9 che raddoppiata nel giro di due anni. Solo nei primi mesi del 2026, l&#8217;elenco delle comunit\u00e0 ammesse alla misura ha registrato un incremento di 126 localit\u00e0, arrivando a includere a marzo anche tutti i residenti ebrei di Gerusalemme (compresa Gerusalemme Est occupata), per un bacino di ulteriori 300.000 potenziali richiedenti.<\/p>\n<p style=\"text-align: justify\">L&#8217;inchiesta di Middle East Eye evidenzia tuttavia i pesanti avvertimenti lanciati da esperti e centri di ricerca come l&#8217;Israel Democracy Institute. L&#8217;armamento di massa dei civili sta alimentando la violenza contro i palestinesi e contro le donne: nella prima met\u00e0 del 2026 l&#8217;OCHA (l&#8217;Ufficio ONU per gli affari umanitari) ha registrato oltre 1.000 attacchi da parte dei coloni. Allo stesso tempo, la riforma viene applicata in modo apertamente discriminatorio: ne restano sistematicamente esclusi i cittadini palestinesi di Israele e, come dimostra il caso di Beit Shemesh, persino i cittadini ebrei ritenuti politicamente sgraditi al governo.<\/p>\n<p style=\"text-align: justify\"><strong>Fonte:\u00a0<a href=\"https:\/\/www.lantidiplomatico.it\/dettnews-ben_gvir_e_la_decisione_sugli_ebrei_antisionisti_che_divide_israele\/45289_68685\/\">https:\/\/www.lantidiplomatico.it\/dettnews-ben_gvir_e_la_decisione_sugli_ebrei_antisionisti_che_divide_israele\/45289_68685\/<\/a><\/strong><\/p>\n<p style=\"text-align: justify\">\n<p style=\"text-align: justify\">\n<p style=\"text-align: justify\">\n","protected":false},"excerpt":{"rendered":"<p>di L&#8217;ANTIDIPLOMATICO (Redazione) Secondo quanto ricostruito da Nadav Rapaport su Middle East Eye, il ministro della Sicurezza nazionale israeliano Itamar Ben Gvir ha disposto il divieto di porto d&#8217;armi per una specifica comunit\u00e0 ultraortodossa antisionista residente a Beit Shemesh. La notizia \u00e8 stata inizialmente resa nota dal quotidiano israeliano Israel Hayom. Come illustrato da Rapaport, il ministro di estrema destra ha esteso la sua drastica riforma sulle armi proprio a Beit Shemesh \u2014 cittadina nei&#46;&#46;&#46;<\/p>\n","protected":false},"author":95,"featured_media":91597,"comment_status":"open","ping_status":"open","sticky":false,"template":"","format":"standard","meta":{"jetpack_post_was_ever_published":false,"_jetpack_newsletter_access":"","_jetpack_dont_email_post_to_subs":false,"_jetpack_newsletter_tier_id":0,"_jetpack_memberships_contains_paywalled_content":false,"_jetpack_memberships_contains_paid_content":false,"footnotes":"","jetpack_publicize_message":"","jetpack_publicize_feature_enabled":true,"jetpack_social_post_already_shared":true,"jetpack_social_options":{"image_generator_settings":{"template":"highway","enabled":false},"version":2}},"categories":[32],"tags":[],"jetpack_publicize_connections":[],"jetpack_featured_media_url":"https:\/\/appelloalpopolo.it\/wp-content\/uploads\/2025\/09\/Lantidiplomatico.jpg","jetpack_sharing_enabled":true,"jetpack_shortlink":"https:\/\/wp.me\/p7ZaJ4-pbi","_links":{"self":[{"href":"https:\/\/appelloalpopolo.it\/index.php?rest_route=\/wp\/v2\/posts\/96800"}],"collection":[{"href":"https:\/\/appelloalpopolo.it\/index.php?rest_route=\/wp\/v2\/posts"}],"about":[{"href":"https:\/\/appelloalpopolo.it\/index.php?rest_route=\/wp\/v2\/types\/post"}],"author":[{"embeddable":true,"href":"https:\/\/appelloalpopolo.it\/index.php?rest_route=\/wp\/v2\/users\/95"}],"replies":[{"embeddable":true,"href":"https:\/\/appelloalpopolo.it\/index.php?rest_route=%2Fwp%2Fv2%2Fcomments&post=96800"}],"version-history":[{"count":1,"href":"https:\/\/appelloalpopolo.it\/index.php?rest_route=\/wp\/v2\/posts\/96800\/revisions"}],"predecessor-version":[{"id":96802,"href":"https:\/\/appelloalpopolo.it\/index.php?rest_route=\/wp\/v2\/posts\/96800\/revisions\/96802"}],"wp:featuredmedia":[{"embeddable":true,"href":"https:\/\/appelloalpopolo.it\/index.php?rest_route=\/wp\/v2\/media\/91597"}],"wp:attachment":[{"href":"https:\/\/appelloalpopolo.it\/index.php?rest_route=%2Fwp%2Fv2%2Fmedia&parent=96800"}],"wp:term":[{"taxonomy":"category","embeddable":true,"href":"https:\/\/appelloalpopolo.it\/index.php?rest_route=%2Fwp%2Fv2%2Fcategories&post=96800"},{"taxonomy":"post_tag","embeddable":true,"href":"https:\/\/appelloalpopolo.it\/index.php?rest_route=%2Fwp%2Fv2%2Ftags&post=96800"}],"curies":[{"name":"wp","href":"https:\/\/api.w.org\/{rel}","templated":true}]}}